{"id":72914,"date":"2025-01-10T07:26:29","date_gmt":"2025-01-10T13:26:29","guid":{"rendered":"https:\/\/elinformante.mx\/?p=72914"},"modified":"2025-01-10T07:26:30","modified_gmt":"2025-01-10T13:26:30","slug":"carreteras-en-chihuahua-son-cerradas-por-nevadas","status":"publish","type":"post","link":"https:\/\/elinformante.mx\/?p=72914","title":{"rendered":"Carreteras en Chihuahua son cerradas por nevadas"},"content":{"rendered":"\n<figure class=\"wp-block-pullquote\"><blockquote><p>Al menos 23 tramos de carreteras fueron cerradas, las autoridades piden circular con precauci\u00f3n en los tramos abiertos.<\/p><\/blockquote><\/figure>\n\n\n\n<p class=\"has-drop-cap\">Fue la Coordinaci\u00f3n Estatal de Protecci\u00f3n Civil de Chihuahua qui\u00e9n emiti\u00f3 un informe del cierre de 23 tramos carreteros debido a las afectaciones provocadas por la segunda tormenta invernal y el frente fr\u00edo n\u00famero 21.<br><\/p>\n\n\n\n<p>Algunos de los tramos m\u00e1s afectados se encuentran Madera-G\u00f3mez Far\u00edas, Madera-El Largo, Madera-Chihuahua, Madera-Tem\u00f3sachic y Madera-La Concha.<br><\/p>\n\n\n\n<p>Adem\u00e1s mencionaron que permaneceran cerradas las v\u00edas Bach\u00edniva-Soto M\u00e1ynez, Nuevo Casas Grandes-Janos, Buenaventura-Las Cruces-Namiquipa y Buenaventura-Ignacio Zaragoza, as\u00ed como Namiquipa-Chihuahua, Namiquipa-Matach\u00ed y G\u00f3mez Far\u00edas-Soto M\u00e1ynez.<br><\/p>\n\n\n\n<figure class=\"wp-block-image size-large\"><img fetchpriority=\"high\" decoding=\"async\" width=\"1024\" height=\"506\" src=\"https:\/\/elinformante.mx\/wp-content\/uploads\/2025\/01\/4chihuahua-2-1024x506.jpg\" alt=\"\" class=\"wp-image-72916\" srcset=\"https:\/\/elinformante.mx\/wp-content\/uploads\/2025\/01\/4chihuahua-2-1024x506.jpg 1024w, https:\/\/elinformante.mx\/wp-content\/uploads\/2025\/01\/4chihuahua-2-300x148.jpg 300w, https:\/\/elinformante.mx\/wp-content\/uploads\/2025\/01\/4chihuahua-2-768x379.jpg 768w, https:\/\/elinformante.mx\/wp-content\/uploads\/2025\/01\/4chihuahua-2.jpg 1140w\" sizes=\"(max-width: 1024px) 100vw, 1024px\" \/><\/figure>\n\n\n\n<p>Otras rutas afectadas son Tem\u00f3sachic-Matach\u00ed, Creel-San Rafael-Creel, San Juanito-Creel, Guachochi-Bocoyna, San Juanito-La Junta, La Junta-Tomochi y La Junta-Guerrero.<br><\/p>\n\n\n\n<p>Adem\u00e1s, los tramos Tomochi-Basaseachi, Janos-Agua Prieta, Janos-Ascensi\u00f3n e Ignacio Zaragoza-Buenaventura, conocido como \u201cLas Emes\u201d, tambi\u00e9n se encuentran cerrados.<br><\/p>\n\n\n\n<p>Las carreteras Galeana-Nuevo Casas Grandes y Ahumada-Ju\u00e1rez permaneceran abiertas, pero las autoridades recomiendan circular con precauci\u00f3n.<br><\/p>\n\n\n\n<p>Las autoridades pidieron a la poblaci\u00f3n evitar viajes innecesarios y mantenerse informada a trav\u00e9s de los canales oficiales.<\/p>\n","protected":false},"excerpt":{"rendered":"<p>Al menos 23 tramos de carreteras fueron cerradas, las autoridades piden circular con precauci\u00f3n en los tramos abiertos. Fue la Coordinaci\u00f3n Estatal de Protecci\u00f3n Civil de Chihuahua qui\u00e9n emiti\u00f3 un informe del cierre de 23 tramos carreteros debido a las afectaciones provocadas por la segunda tormenta invernal y el frente fr\u00edo n\u00famero 21. Algunos de [&hellip;]<\/p>\n","protected":false},"author":1,"featured_media":72915,"comment_status":"closed","ping_status":"closed","sticky":false,"template":"","format":"standard","meta":{"footnotes":""},"categories":[34],"tags":[],"class_list":["post-72914","post","type-post","status-publish","format-standard","has-post-thumbnail","hentry","category-nacional"],"_links":{"self":[{"href":"https:\/\/elinformante.mx\/index.php?rest_route=\/wp\/v2\/posts\/72914","targetHints":{"allow":["GET"]}}],"collection":[{"href":"https:\/\/elinformante.mx\/index.php?rest_route=\/wp\/v2\/posts"}],"about":[{"href":"https:\/\/elinformante.mx\/index.php?rest_route=\/wp\/v2\/types\/post"}],"author":[{"embeddable":true,"href":"https:\/\/elinformante.mx\/index.php?rest_route=\/wp\/v2\/users\/1"}],"replies":[{"embeddable":true,"href":"https:\/\/elinformante.mx\/index.php?rest_route=%2Fwp%2Fv2%2Fcomments&post=72914"}],"version-history":[{"count":0,"href":"https:\/\/elinformante.mx\/index.php?rest_route=\/wp\/v2\/posts\/72914\/revisions"}],"wp:featuredmedia":[{"embeddable":true,"href":"https:\/\/elinformante.mx\/index.php?rest_route=\/wp\/v2\/media\/72915"}],"wp:attachment":[{"href":"https:\/\/elinformante.mx\/index.php?rest_route=%2Fwp%2Fv2%2Fmedia&parent=72914"}],"wp:term":[{"taxonomy":"category","embeddable":true,"href":"https:\/\/elinformante.mx\/index.php?rest_route=%2Fwp%2Fv2%2Fcategories&post=72914"},{"taxonomy":"post_tag","embeddable":true,"href":"https:\/\/elinformante.mx\/index.php?rest_route=%2Fwp%2Fv2%2Ftags&post=72914"}],"curies":[{"name":"wp","href":"https:\/\/api.w.org\/{rel}","templated":true}]}}