{"id":72926,"date":"2025-01-10T07:35:23","date_gmt":"2025-01-10T13:35:23","guid":{"rendered":"https:\/\/elinformante.mx\/?p=72926"},"modified":"2025-01-10T07:35:25","modified_gmt":"2025-01-10T13:35:25","slug":"accedio-presidenta-a-brindar-un-recurso-adicional-al-ine-para-la-eleccion-judicial-taddei","status":"publish","type":"post","link":"https:\/\/elinformante.mx\/?p=72926","title":{"rendered":"\u201cAccedi\u00f3 presidenta a brindar un recurso adicional al INE para la elecci\u00f3n judicial\u201d: Taddei"},"content":{"rendered":"\n<figure class=\"wp-block-pullquote\"><blockquote><p>La presidenta del organismo afirm\u00f3 que este dinero es necesario para tener m\u00e1s casillas y capacitadores electorales.<\/p><\/blockquote><\/figure>\n\n\n\n<p class=\"has-drop-cap\">La consejera presidenta del Instituto Nacional Electoral (INE), Guadalupe Taddei, explic\u00f3 que le solicitaron a la presidenta Claudia Sheinbaum un poco m\u00e1s de recursos para organizar la primera Elecci\u00f3n Judicial.<br><\/p>\n\n\n\n<p>Taddei se reuni\u00f3 en Palacio Nacional donde mencion\u00f3 a la salida que se buscar\u00e1n un dep\u00f3sito extra de entre mil y mil 500 millones de pesos.<br><\/p>\n\n\n\n<p>Seg\u00fan esta versi\u00f3n, se acord\u00f3 que s\u00ed habr\u00e1 m\u00e1s dinero:<br><\/p>\n\n\n\n<p>\u201cTenemos la garant\u00eda en este momento de que habr\u00e1 un recurso adicional\u2026\u201d.<br><\/p>\n\n\n\n<p>En la reuni\u00f3n le explicaron que el dinero es necesario para tener m\u00e1s casillas y capacitadores electorales.<br><\/p>\n\n\n\n<p>Los 11 consejeros y consejeras se reunieron con la presidenta Claudia Sheinbaum Pardo y la titular de Gobernaci\u00f3n, Rosa Icela Rodr\u00edguez.<br><\/p>\n\n\n\n<p>El argumento del INE es que se necesitan recursos para \u201cmaximizar los derechos pol\u00edticos de la ciudadan\u00eda debido a la cantidad de cargos a elegir en estas elecciones\u201d.<br><\/p>\n\n\n\n<p>Seg\u00fan Taddei, la presidenta de M\u00e9xico fue receptiva a las necesidades expuestas y manifest\u00f3 su compromiso con la democracia.<\/p>\n","protected":false},"excerpt":{"rendered":"<p>La presidenta del organismo afirm\u00f3 que este dinero es necesario para tener m\u00e1s casillas y capacitadores electorales. La consejera presidenta del Instituto Nacional Electoral (INE), Guadalupe Taddei, explic\u00f3 que le solicitaron a la presidenta Claudia Sheinbaum un poco m\u00e1s de recursos para organizar la primera Elecci\u00f3n Judicial. Taddei se reuni\u00f3 en Palacio Nacional donde mencion\u00f3 [&hellip;]<\/p>\n","protected":false},"author":1,"featured_media":72927,"comment_status":"closed","ping_status":"closed","sticky":false,"template":"","format":"standard","meta":{"footnotes":""},"categories":[30,34,31],"tags":[],"class_list":["post-72926","post","type-post","status-publish","format-standard","has-post-thumbnail","hentry","category-destacado","category-nacional","category-portada"],"_links":{"self":[{"href":"https:\/\/elinformante.mx\/index.php?rest_route=\/wp\/v2\/posts\/72926","targetHints":{"allow":["GET"]}}],"collection":[{"href":"https:\/\/elinformante.mx\/index.php?rest_route=\/wp\/v2\/posts"}],"about":[{"href":"https:\/\/elinformante.mx\/index.php?rest_route=\/wp\/v2\/types\/post"}],"author":[{"embeddable":true,"href":"https:\/\/elinformante.mx\/index.php?rest_route=\/wp\/v2\/users\/1"}],"replies":[{"embeddable":true,"href":"https:\/\/elinformante.mx\/index.php?rest_route=%2Fwp%2Fv2%2Fcomments&post=72926"}],"version-history":[{"count":0,"href":"https:\/\/elinformante.mx\/index.php?rest_route=\/wp\/v2\/posts\/72926\/revisions"}],"wp:featuredmedia":[{"embeddable":true,"href":"https:\/\/elinformante.mx\/index.php?rest_route=\/wp\/v2\/media\/72927"}],"wp:attachment":[{"href":"https:\/\/elinformante.mx\/index.php?rest_route=%2Fwp%2Fv2%2Fmedia&parent=72926"}],"wp:term":[{"taxonomy":"category","embeddable":true,"href":"https:\/\/elinformante.mx\/index.php?rest_route=%2Fwp%2Fv2%2Fcategories&post=72926"},{"taxonomy":"post_tag","embeddable":true,"href":"https:\/\/elinformante.mx\/index.php?rest_route=%2Fwp%2Fv2%2Ftags&post=72926"}],"curies":[{"name":"wp","href":"https:\/\/api.w.org\/{rel}","templated":true}]}}