{"id":72935,"date":"2025-01-10T19:16:32","date_gmt":"2025-01-11T01:16:32","guid":{"rendered":"https:\/\/elinformante.mx\/?p=72935"},"modified":"2025-01-10T19:16:34","modified_gmt":"2025-01-11T01:16:34","slug":"cierran-la-carretera-xalapa-perote-por-choque-multiple-esta-tarde","status":"publish","type":"post","link":"https:\/\/elinformante.mx\/?p=72935","title":{"rendered":"CIERRAN LA CARRETERA XALAPA-PEROTE POR CHOQUE M\u00daLTIPLE ESTA TARDE"},"content":{"rendered":"\n<p>Un accidente de gran magnitud se registr\u00f3 en la carretera Xalapa-Perote, a la altura del kil\u00f3metro 147, cerca de la salida a Banderilla en direcci\u00f3n a Xalapa. El incidente involucr\u00f3 un choque por alcance m\u00faltiple entre dos tr\u00e1ileres, uno cargado con bloques y otro con una caja seca, adem\u00e1s de varios veh\u00edculos particulares. Debido a la gravedad del accidente, la circulaci\u00f3n vehicular est\u00e1 totalmente cerrada en ambos sentidos.<\/p>\n\n\n\n<p>Al lugar del siniestro han arribado cuerpos de emergencia y seguridad para atender la situaci\u00f3n. Se presume la existencia de personas sin vida en el lugar, aunque las autoridades a\u00fan trabajan en la confirmaci\u00f3n de esta informaci\u00f3n. El impacto inicial ocurri\u00f3 cuando un tr\u00e1iler impact\u00f3 por alcance a otro, desencadenando una colisi\u00f3n en cadena que afect\u00f3 a otros veh\u00edculos.<\/p>\n\n\n\n<p>Se exhorta a los conductores a tomar precauciones y utilizar rutas alternas mientras contin\u00faan las labores de rescate y limpieza. Las autoridades informar\u00e1n en las pr\u00f3ximas horas sobre las condiciones del tramo afectado y los detalles de este tr\u00e1gico accidente que ha generado caos vial en la regi\u00f3n.<\/p>\n","protected":false},"excerpt":{"rendered":"<p>Un accidente de gran magnitud se registr\u00f3 en la carretera Xalapa-Perote, a la altura del kil\u00f3metro 147, cerca de la salida a Banderilla en direcci\u00f3n a Xalapa. El incidente involucr\u00f3 un choque por alcance m\u00faltiple entre dos tr\u00e1ileres, uno cargado con bloques y otro con una caja seca, adem\u00e1s de varios veh\u00edculos particulares. Debido a [&hellip;]<\/p>\n","protected":false},"author":2,"featured_media":72936,"comment_status":"closed","ping_status":"closed","sticky":false,"template":"","format":"standard","meta":{"footnotes":""},"categories":[34],"tags":[],"class_list":["post-72935","post","type-post","status-publish","format-standard","has-post-thumbnail","hentry","category-nacional"],"_links":{"self":[{"href":"https:\/\/elinformante.mx\/index.php?rest_route=\/wp\/v2\/posts\/72935","targetHints":{"allow":["GET"]}}],"collection":[{"href":"https:\/\/elinformante.mx\/index.php?rest_route=\/wp\/v2\/posts"}],"about":[{"href":"https:\/\/elinformante.mx\/index.php?rest_route=\/wp\/v2\/types\/post"}],"author":[{"embeddable":true,"href":"https:\/\/elinformante.mx\/index.php?rest_route=\/wp\/v2\/users\/2"}],"replies":[{"embeddable":true,"href":"https:\/\/elinformante.mx\/index.php?rest_route=%2Fwp%2Fv2%2Fcomments&post=72935"}],"version-history":[{"count":0,"href":"https:\/\/elinformante.mx\/index.php?rest_route=\/wp\/v2\/posts\/72935\/revisions"}],"wp:featuredmedia":[{"embeddable":true,"href":"https:\/\/elinformante.mx\/index.php?rest_route=\/wp\/v2\/media\/72936"}],"wp:attachment":[{"href":"https:\/\/elinformante.mx\/index.php?rest_route=%2Fwp%2Fv2%2Fmedia&parent=72935"}],"wp:term":[{"taxonomy":"category","embeddable":true,"href":"https:\/\/elinformante.mx\/index.php?rest_route=%2Fwp%2Fv2%2Fcategories&post=72935"},{"taxonomy":"post_tag","embeddable":true,"href":"https:\/\/elinformante.mx\/index.php?rest_route=%2Fwp%2Fv2%2Ftags&post=72935"}],"curies":[{"name":"wp","href":"https:\/\/api.w.org\/{rel}","templated":true}]}}