{"id":72941,"date":"2025-01-10T21:06:02","date_gmt":"2025-01-11T03:06:02","guid":{"rendered":"https:\/\/elinformante.mx\/?p=72941"},"modified":"2025-01-10T21:06:03","modified_gmt":"2025-01-11T03:06:03","slug":"jornada-de-violencia-en-michoacan-balaceras-dejan-un-muerto-y-una-persona-herida","status":"publish","type":"post","link":"https:\/\/elinformante.mx\/?p=72941","title":{"rendered":"JORNADA DE VIOLENCIA EN MICHOAC\u00c1N: BALACERAS DEJAN UN MUERTO Y UNA PERSONA HERIDA"},"content":{"rendered":"\n<p>La madrugada de este viernes, intensas balaceras entre grupos antag\u00f3nicos del crimen organizado estremecieron comunidades de los municipios de Apatzing\u00e1n y Par\u00e1cuaro, en Michoac\u00e1n. En la localidad de Chandio, los enfrentamientos comenzaron en la carretera Chandio\u2013Presa del Rosario y se extendieron hasta la avenida 30 de Septiembre. Seg\u00fan reportes preliminares, c\u00e9lulas de Los Blancos de Troya y el C\u00e1rtel Jalisco Nueva Generaci\u00f3n intercambiaron disparos desde veh\u00edculos en movimiento.<\/p>\n\n\n\n<p>Durante los hechos, pistoleros irrumpieron en una vivienda de Chandio para exigir un veh\u00edculo con el que pretend\u00edan huir. Al resistirse, el due\u00f1o del inmueble, Roberto Aguilar, de 50 a\u00f1os, quien trabajaba como fletero de lim\u00f3n, fue asesinado. Horas m\u00e1s tarde, una adolescente identificada como Luisa Yuritzi, de 16 a\u00f1os, result\u00f3 herida por esquirlas cerca de la Plaza de Toros en la misma avenida. Por otro lado, en Par\u00e1cuaro, un enfrentamiento entre el C\u00e1rtel de La Virgen y los Caballeros Templarios comenz\u00f3 en la comunidad de El Aguacate y se extendi\u00f3 a la cabecera municipal, aunque no se reportaron v\u00edctimas confirmadas.<\/p>\n\n\n\n<p>Ante la violencia, elementos de la Secretar\u00eda de la Defensa Nacional, Guardia Nacional y Guardia Civil desplegaron un operativo en ambas zonas, obligando a los delincuentes a huir. Mientras tanto, los habitantes, aterrorizados por los enfrentamientos, buscaron refugio en sus hogares, especialmente en \u00e1reas con bardas y techos de concreto. Las autoridades mantienen patrullajes reforzados en la regi\u00f3n, mientras el temor sigue latente entre la poblaci\u00f3n.<\/p>\n","protected":false},"excerpt":{"rendered":"<p>La madrugada de este viernes, intensas balaceras entre grupos antag\u00f3nicos del crimen organizado estremecieron comunidades de los municipios de Apatzing\u00e1n y Par\u00e1cuaro, en Michoac\u00e1n. En la localidad de Chandio, los enfrentamientos comenzaron en la carretera Chandio\u2013Presa del Rosario y se extendieron hasta la avenida 30 de Septiembre. Seg\u00fan reportes preliminares, c\u00e9lulas de Los Blancos de [&hellip;]<\/p>\n","protected":false},"author":2,"featured_media":72942,"comment_status":"closed","ping_status":"closed","sticky":false,"template":"","format":"standard","meta":{"footnotes":""},"categories":[34],"tags":[],"class_list":["post-72941","post","type-post","status-publish","format-standard","has-post-thumbnail","hentry","category-nacional"],"_links":{"self":[{"href":"https:\/\/elinformante.mx\/index.php?rest_route=\/wp\/v2\/posts\/72941","targetHints":{"allow":["GET"]}}],"collection":[{"href":"https:\/\/elinformante.mx\/index.php?rest_route=\/wp\/v2\/posts"}],"about":[{"href":"https:\/\/elinformante.mx\/index.php?rest_route=\/wp\/v2\/types\/post"}],"author":[{"embeddable":true,"href":"https:\/\/elinformante.mx\/index.php?rest_route=\/wp\/v2\/users\/2"}],"replies":[{"embeddable":true,"href":"https:\/\/elinformante.mx\/index.php?rest_route=%2Fwp%2Fv2%2Fcomments&post=72941"}],"version-history":[{"count":0,"href":"https:\/\/elinformante.mx\/index.php?rest_route=\/wp\/v2\/posts\/72941\/revisions"}],"wp:featuredmedia":[{"embeddable":true,"href":"https:\/\/elinformante.mx\/index.php?rest_route=\/wp\/v2\/media\/72942"}],"wp:attachment":[{"href":"https:\/\/elinformante.mx\/index.php?rest_route=%2Fwp%2Fv2%2Fmedia&parent=72941"}],"wp:term":[{"taxonomy":"category","embeddable":true,"href":"https:\/\/elinformante.mx\/index.php?rest_route=%2Fwp%2Fv2%2Fcategories&post=72941"},{"taxonomy":"post_tag","embeddable":true,"href":"https:\/\/elinformante.mx\/index.php?rest_route=%2Fwp%2Fv2%2Ftags&post=72941"}],"curies":[{"name":"wp","href":"https:\/\/api.w.org\/{rel}","templated":true}]}}