{"id":72944,"date":"2025-01-10T22:04:45","date_gmt":"2025-01-11T04:04:45","guid":{"rendered":"https:\/\/elinformante.mx\/?p=72944"},"modified":"2025-01-10T22:04:46","modified_gmt":"2025-01-11T04:04:46","slug":"detienen-a-cinco-implicados-en-homicidio-en-grado-de-tentativa-en-tuxtla-gutierrez","status":"publish","type":"post","link":"https:\/\/elinformante.mx\/?p=72944","title":{"rendered":"DETIENEN A CINCO IMPLICADOS EN HOMICIDIO EN GRADO DE TENTATIVA EN TUXTLA GUTI\u00c9RREZ"},"content":{"rendered":"\n<p>La Fiscal\u00eda General del Estado ejecut\u00f3 una orden de aprehensi\u00f3n contra cinco personas acusadas del delito de homicidio en grado de tentativa por su presunta participaci\u00f3n en un ataque con arma de fuego ocurrido en Tuxtla Guti\u00e9rrez. La v\u00edctima, una mujer cuya identidad se mantiene en reserva, sufri\u00f3 lesiones graves durante el incidente.<\/p>\n\n\n\n<p>Los detenidos fueron identificados como Carlos \u201cN\u201d, alias \u201cEl Capullo\u201d; Rafael \u201cN\u201d, alias \u201cEl Colocho\u201d; Ulises \u201cN\u201d, alias \u201cEl Turulo\u201d; Jonathan \u201cN\u201d, alias \u201cEl Bomb\u00f3n\u201d; y Miguel \u201cN\u201d, alias \u201cEl Wacho\u201d. Tras su captura, los imputados fueron trasladados al Juzgado del Amate, donde se determinar\u00e1 su situaci\u00f3n jur\u00eddica conforme a derecho.<\/p>\n\n\n\n<p>Las autoridades reiteraron su compromiso de actuar con firmeza contra los responsables de hechos violentos en la regi\u00f3n, garantizando justicia para las v\u00edctimas y el respeto al debido proceso para los acusados. El caso sigue bajo investigaci\u00f3n para esclarecer los detalles del ataque.<\/p>\n","protected":false},"excerpt":{"rendered":"<p>La Fiscal\u00eda General del Estado ejecut\u00f3 una orden de aprehensi\u00f3n contra cinco personas acusadas del delito de homicidio en grado de tentativa por su presunta participaci\u00f3n en un ataque con arma de fuego ocurrido en Tuxtla Guti\u00e9rrez. La v\u00edctima, una mujer cuya identidad se mantiene en reserva, sufri\u00f3 lesiones graves durante el incidente. Los detenidos [&hellip;]<\/p>\n","protected":false},"author":2,"featured_media":72945,"comment_status":"closed","ping_status":"closed","sticky":false,"template":"","format":"standard","meta":{"footnotes":""},"categories":[34],"tags":[],"class_list":["post-72944","post","type-post","status-publish","format-standard","has-post-thumbnail","hentry","category-nacional"],"_links":{"self":[{"href":"https:\/\/elinformante.mx\/index.php?rest_route=\/wp\/v2\/posts\/72944","targetHints":{"allow":["GET"]}}],"collection":[{"href":"https:\/\/elinformante.mx\/index.php?rest_route=\/wp\/v2\/posts"}],"about":[{"href":"https:\/\/elinformante.mx\/index.php?rest_route=\/wp\/v2\/types\/post"}],"author":[{"embeddable":true,"href":"https:\/\/elinformante.mx\/index.php?rest_route=\/wp\/v2\/users\/2"}],"replies":[{"embeddable":true,"href":"https:\/\/elinformante.mx\/index.php?rest_route=%2Fwp%2Fv2%2Fcomments&post=72944"}],"version-history":[{"count":0,"href":"https:\/\/elinformante.mx\/index.php?rest_route=\/wp\/v2\/posts\/72944\/revisions"}],"wp:featuredmedia":[{"embeddable":true,"href":"https:\/\/elinformante.mx\/index.php?rest_route=\/wp\/v2\/media\/72945"}],"wp:attachment":[{"href":"https:\/\/elinformante.mx\/index.php?rest_route=%2Fwp%2Fv2%2Fmedia&parent=72944"}],"wp:term":[{"taxonomy":"category","embeddable":true,"href":"https:\/\/elinformante.mx\/index.php?rest_route=%2Fwp%2Fv2%2Fcategories&post=72944"},{"taxonomy":"post_tag","embeddable":true,"href":"https:\/\/elinformante.mx\/index.php?rest_route=%2Fwp%2Fv2%2Ftags&post=72944"}],"curies":[{"name":"wp","href":"https:\/\/api.w.org\/{rel}","templated":true}]}}