{"id":72969,"date":"2025-01-13T06:05:50","date_gmt":"2025-01-13T12:05:50","guid":{"rendered":"https:\/\/elinformante.mx\/?p=72969"},"modified":"2025-01-13T06:05:53","modified_gmt":"2025-01-13T12:05:53","slug":"santi-gimenez-se-convierte-en-el-maximo-goleador-mexicano-en-eredivisie","status":"publish","type":"post","link":"https:\/\/elinformante.mx\/?p=72969","title":{"rendered":"Santi Gim\u00e9nez se convierte en el m\u00e1ximo goleador mexicano en Eredivisie"},"content":{"rendered":"\n<figure class=\"wp-block-pullquote\"><blockquote><p>Este fin de semana el mexicano lleg\u00f3 a 60 goles en Europa.<\/p><\/blockquote><\/figure>\n\n\n\n<p class=\"has-drop-cap\">Fue una jornada hist\u00f3rica para Santiago Gim\u00e9nez, quien marc\u00f3 de penalti con el Feyenoord y se convirti\u00f3 en el mexicano con m\u00e1s goles en la Eredivisie.<br><\/p>\n\n\n\n<p>\u201cChaquito\u201d lleg\u00f3 a los 45 tantos con el conjunto de Rotterdam, con lo que rompi\u00f3 el empate que manten\u00eda con Hirving \u201cChucky\u201d Lozano (44).<br><\/p>\n\n\n\n<p>Con apenas 23 a\u00f1os, \u201cSanti\u201d necesit\u00f3 solo 72 encuentros para imponer esta nueva marca en la liga de Pa\u00edses Bajos; desde su arribo tambi\u00e9n ha colaborado con 10 asistencias. Vale destacar que \u201cChucky\u201d marc\u00f3 sus 44 tantos en 93 apariciones con el PSV, en dos etapas.<br><\/p>\n\n\n\n<p>Adem\u00e1s de convertirse en el m\u00e1ximo artillero tricolor en la Eredivisie, Gim\u00e9nez lleg\u00f3 a 60 tantos en todas las competiciones desde que lleg\u00f3 a Europa.<br><\/p>\n\n\n\n<p>Tambi\u00e9n, previo al partido, \u201cBebote\u201d recibi\u00f3 una placa conmemorativa por llegar a 100 encuentros con el Feyenoord (101), donde se ha ganado un lugar como titular al ser uno de los jugadores m\u00e1s destacados.<br><\/p>\n\n\n\n<p>A pesar de que el \u201cChaquito\u201d se estren\u00f3 como goleador en el 2025, el delantero mexicano no pudo impedir que el Feyenoord cayera derrotado, en casa, ante el Utrecht por 1-2.<br><\/p>\n\n\n\n<p>El atacante tricolor, tan solo pudo maquillar el resultado con su diana a los 81 minutos, despu\u00e9s de que el dan\u00e9s Niklas Vesterlund y el estadounidense Paxten Aaronson encaminaran en cinco minutos (60\u2032 y 65\u2032) el triunfo del cuadro visitante.<br><\/p>\n\n\n\n<p>Con esta derrota, el Feyenoord se sigue alejando de puestos de Champions League, pues ocupan el cuarto lugar de la tabla general con 35 unidades. El l\u00edder de la Eredivisie es el Ajax, con 42 unidades, seguido precisamente del Utrecht, con 39 puntos.<\/p>\n","protected":false},"excerpt":{"rendered":"<p>Este fin de semana el mexicano lleg\u00f3 a 60 goles en Europa. Fue una jornada hist\u00f3rica para Santiago Gim\u00e9nez, quien marc\u00f3 de penalti con el Feyenoord y se convirti\u00f3 en el mexicano con m\u00e1s goles en la Eredivisie. \u201cChaquito\u201d lleg\u00f3 a los 45 tantos con el conjunto de Rotterdam, con lo que rompi\u00f3 el empate [&hellip;]<\/p>\n","protected":false},"author":1,"featured_media":72970,"comment_status":"closed","ping_status":"closed","sticky":false,"template":"","format":"standard","meta":{"footnotes":""},"categories":[38],"tags":[],"class_list":["post-72969","post","type-post","status-publish","format-standard","has-post-thumbnail","hentry","category-deportes"],"_links":{"self":[{"href":"https:\/\/elinformante.mx\/index.php?rest_route=\/wp\/v2\/posts\/72969","targetHints":{"allow":["GET"]}}],"collection":[{"href":"https:\/\/elinformante.mx\/index.php?rest_route=\/wp\/v2\/posts"}],"about":[{"href":"https:\/\/elinformante.mx\/index.php?rest_route=\/wp\/v2\/types\/post"}],"author":[{"embeddable":true,"href":"https:\/\/elinformante.mx\/index.php?rest_route=\/wp\/v2\/users\/1"}],"replies":[{"embeddable":true,"href":"https:\/\/elinformante.mx\/index.php?rest_route=%2Fwp%2Fv2%2Fcomments&post=72969"}],"version-history":[{"count":0,"href":"https:\/\/elinformante.mx\/index.php?rest_route=\/wp\/v2\/posts\/72969\/revisions"}],"wp:featuredmedia":[{"embeddable":true,"href":"https:\/\/elinformante.mx\/index.php?rest_route=\/wp\/v2\/media\/72970"}],"wp:attachment":[{"href":"https:\/\/elinformante.mx\/index.php?rest_route=%2Fwp%2Fv2%2Fmedia&parent=72969"}],"wp:term":[{"taxonomy":"category","embeddable":true,"href":"https:\/\/elinformante.mx\/index.php?rest_route=%2Fwp%2Fv2%2Fcategories&post=72969"},{"taxonomy":"post_tag","embeddable":true,"href":"https:\/\/elinformante.mx\/index.php?rest_route=%2Fwp%2Fv2%2Ftags&post=72969"}],"curies":[{"name":"wp","href":"https:\/\/api.w.org\/{rel}","templated":true}]}}