{"id":72975,"date":"2025-01-13T06:08:12","date_gmt":"2025-01-13T12:08:12","guid":{"rendered":"https:\/\/elinformante.mx\/?p=72975"},"modified":"2025-01-13T06:08:16","modified_gmt":"2025-01-13T12:08:16","slug":"sujeto-es-sentenciado-a-93-anos-de-prision-por-doble-homicidio","status":"publish","type":"post","link":"https:\/\/elinformante.mx\/?p=72975","title":{"rendered":"Sujeto es sentenciado a 93 a\u00f1os de prisi\u00f3n por doble homicidio"},"content":{"rendered":"\n<figure class=\"wp-block-pullquote\"><blockquote><p>Los hechos que se le imputan se registraron el 8 de abril del a\u00f1o pasado en el municipio de Ecatzingo.<\/p><\/blockquote><\/figure>\n\n\n\n<p class=\"has-drop-cap\">Un individuo identificado como Juan Miguel Y\u00e1\u00f1ez Y\u00e1\u00f1ez fue sentenciado a 93 a\u00f1os de prisi\u00f3n, una vez que la Fiscal\u00eda General de Justicia del Estado de M\u00e9xico (FGJEM) acredit\u00f3 su intervenci\u00f3n en los delitos de homicidio calificado y homicidio calificado en grado de tentativa, en agravio de tres v\u00edctimas.<br><\/p>\n\n\n\n<p>La Autoridad Judicial, tras revisar las pruebas recabadas, aportadas y expuestas por el Agente del Ministerio P\u00fablico, emiti\u00f3 esta sentencia de condena contra el acusado, adem\u00e1s le fij\u00f3 multa de 177 mil 294 pesos, la cantidad de 177 mil 294 pesos como reparaci\u00f3n del da\u00f1o y 237 mil 768 pesos como reparaci\u00f3n del da\u00f1o integral.<br><\/p>\n\n\n\n<p>Los hechos por los cuales recibi\u00f3 esta sentencia de condena se registraron el 8 de abril del a\u00f1o 2024, en la calle Ehecatl, en el Barrio Santa Gertrudis, en el municipio de Ecatzingo, donde deton\u00f3 un arma de fuego en contra de tres masculinos, dos de los cuales murieron y uno m\u00e1s result\u00f3 lesionado.<br><\/p>\n\n\n\n<p>De acuerdo con la indagatoria iniciada, ese d\u00eda las tres v\u00edctimas caminaban en la v\u00eda p\u00fablica, donde fueron interceptadas por el ahora sentenciado, quien al tenerlos a la vista cometi\u00f3 la agresi\u00f3n.<br><\/p>\n\n\n\n<p>Esta Instituci\u00f3n llev\u00f3 a cabo actos de investigaci\u00f3n derivado del inicio de la indagatoria por el doble homicidio y por homicidio en grado de tentativa. Con los datos recabados, solicit\u00f3 a la Autoridad Judicial librar orden de aprehensi\u00f3n contra el responsable, mismo que fue detenido e ingresado al Centro Penitenciario y de Reinserci\u00f3n Social de Chalco, donde un Juez, tras proceso legal, le dict\u00f3 esta sentencia de condena.<\/p>\n","protected":false},"excerpt":{"rendered":"<p>Los hechos que se le imputan se registraron el 8 de abril del a\u00f1o pasado en el municipio de Ecatzingo. Un individuo identificado como Juan Miguel Y\u00e1\u00f1ez Y\u00e1\u00f1ez fue sentenciado a 93 a\u00f1os de prisi\u00f3n, una vez que la Fiscal\u00eda General de Justicia del Estado de M\u00e9xico (FGJEM) acredit\u00f3 su intervenci\u00f3n en los delitos de [&hellip;]<\/p>\n","protected":false},"author":1,"featured_media":72976,"comment_status":"closed","ping_status":"closed","sticky":false,"template":"","format":"standard","meta":{"footnotes":""},"categories":[36,37],"tags":[],"class_list":["post-72975","post","type-post","status-publish","format-standard","has-post-thumbnail","hentry","category-edomex","category-justicia"],"_links":{"self":[{"href":"https:\/\/elinformante.mx\/index.php?rest_route=\/wp\/v2\/posts\/72975","targetHints":{"allow":["GET"]}}],"collection":[{"href":"https:\/\/elinformante.mx\/index.php?rest_route=\/wp\/v2\/posts"}],"about":[{"href":"https:\/\/elinformante.mx\/index.php?rest_route=\/wp\/v2\/types\/post"}],"author":[{"embeddable":true,"href":"https:\/\/elinformante.mx\/index.php?rest_route=\/wp\/v2\/users\/1"}],"replies":[{"embeddable":true,"href":"https:\/\/elinformante.mx\/index.php?rest_route=%2Fwp%2Fv2%2Fcomments&post=72975"}],"version-history":[{"count":0,"href":"https:\/\/elinformante.mx\/index.php?rest_route=\/wp\/v2\/posts\/72975\/revisions"}],"wp:featuredmedia":[{"embeddable":true,"href":"https:\/\/elinformante.mx\/index.php?rest_route=\/wp\/v2\/media\/72976"}],"wp:attachment":[{"href":"https:\/\/elinformante.mx\/index.php?rest_route=%2Fwp%2Fv2%2Fmedia&parent=72975"}],"wp:term":[{"taxonomy":"category","embeddable":true,"href":"https:\/\/elinformante.mx\/index.php?rest_route=%2Fwp%2Fv2%2Fcategories&post=72975"},{"taxonomy":"post_tag","embeddable":true,"href":"https:\/\/elinformante.mx\/index.php?rest_route=%2Fwp%2Fv2%2Ftags&post=72975"}],"curies":[{"name":"wp","href":"https:\/\/api.w.org\/{rel}","templated":true}]}}