{"id":72988,"date":"2025-01-13T06:20:41","date_gmt":"2025-01-13T12:20:41","guid":{"rendered":"https:\/\/elinformante.mx\/?p=72988"},"modified":"2025-01-13T06:20:43","modified_gmt":"2025-01-13T12:20:43","slug":"celebran-pc-y-bomberos-de-atlacomulco-a-ninas-y-ninos-por-dia-de-reyes","status":"publish","type":"post","link":"https:\/\/elinformante.mx\/?p=72988","title":{"rendered":"Celebran PC y Bomberos de Atlacomulco a ni\u00f1as y ni\u00f1os por D\u00eda de Reyes"},"content":{"rendered":"\n<figure class=\"wp-block-pullquote\"><blockquote><p>La celebraci\u00f3n fue un espacio para fortalecer los lazos comunitarios y resaltar el compromiso de la administraci\u00f3n municipal con el bienestar y la seguridad de las familias de la regi\u00f3n.<\/p><\/blockquote><\/figure>\n\n\n\n<p class=\"has-drop-cap\">El Director Municipal de Protecci\u00f3n Civil y Bomberos, Tel\u00e9sforo Valencia Col\u00edn, en representaci\u00f3n del Presidente Municipal, Lic. Nicol\u00e1s Mart\u00ednez Romero particip\u00f3 en un evento en el lienzo charro de la comunidad La Palma, propiedad de Rogelio Castro Paniagua, donde se celebr\u00f3 el D\u00eda de Reyes con ni\u00f1as y ni\u00f1os de las localidades Ejido de Bombatevi, La Palma y San Bartolo El Arenal.<br><\/p>\n\n\n\n<p>Durante el festejo, que reuni\u00f3 alrededor de 200 menores acompa\u00f1ados de sus familias, el personal de Protecci\u00f3n Civil y Bomberos no solo permaneci\u00f3 en servicio preventivo para garantizar la seguridad del evento, sino que tambi\u00e9n se involucr\u00f3 activamente con los peque\u00f1os.<br><\/p>\n\n\n\n<figure class=\"wp-block-image size-large\"><img fetchpriority=\"high\" decoding=\"async\" width=\"1024\" height=\"506\" src=\"https:\/\/elinformante.mx\/wp-content\/uploads\/2025\/01\/11atla-1024x506.jpg\" alt=\"\" class=\"wp-image-72990\" srcset=\"https:\/\/elinformante.mx\/wp-content\/uploads\/2025\/01\/11atla-1024x506.jpg 1024w, https:\/\/elinformante.mx\/wp-content\/uploads\/2025\/01\/11atla-300x148.jpg 300w, https:\/\/elinformante.mx\/wp-content\/uploads\/2025\/01\/11atla-768x379.jpg 768w, https:\/\/elinformante.mx\/wp-content\/uploads\/2025\/01\/11atla.jpg 1140w\" sizes=\"(max-width: 1024px) 100vw, 1024px\" \/><\/figure>\n\n\n\n<p>A trav\u00e9s de actividades recreativas, el equipo regal\u00f3 pelotas y convivi\u00f3 con los asistentes, fomentando momentos de alegr\u00eda y diversi\u00f3n en esta significativa fecha.<br><\/p>\n\n\n\n<p>La celebraci\u00f3n fue un espacio para fortalecer los lazos comunitarios y resaltar el compromiso de la administraci\u00f3n municipal con el bienestar y la seguridad de las familias de la regi\u00f3n.<\/p>\n\n\n\n<p><\/p>\n","protected":false},"excerpt":{"rendered":"<p>La celebraci\u00f3n fue un espacio para fortalecer los lazos comunitarios y resaltar el compromiso de la administraci\u00f3n municipal con el bienestar y la seguridad de las familias de la regi\u00f3n. El Director Municipal de Protecci\u00f3n Civil y Bomberos, Tel\u00e9sforo Valencia Col\u00edn, en representaci\u00f3n del Presidente Municipal, Lic. Nicol\u00e1s Mart\u00ednez Romero particip\u00f3 en un evento en [&hellip;]<\/p>\n","protected":false},"author":1,"featured_media":72989,"comment_status":"closed","ping_status":"closed","sticky":false,"template":"","format":"standard","meta":{"footnotes":""},"categories":[1],"tags":[],"class_list":["post-72988","post","type-post","status-publish","format-standard","has-post-thumbnail","hentry","category-sin-categoria"],"_links":{"self":[{"href":"https:\/\/elinformante.mx\/index.php?rest_route=\/wp\/v2\/posts\/72988","targetHints":{"allow":["GET"]}}],"collection":[{"href":"https:\/\/elinformante.mx\/index.php?rest_route=\/wp\/v2\/posts"}],"about":[{"href":"https:\/\/elinformante.mx\/index.php?rest_route=\/wp\/v2\/types\/post"}],"author":[{"embeddable":true,"href":"https:\/\/elinformante.mx\/index.php?rest_route=\/wp\/v2\/users\/1"}],"replies":[{"embeddable":true,"href":"https:\/\/elinformante.mx\/index.php?rest_route=%2Fwp%2Fv2%2Fcomments&post=72988"}],"version-history":[{"count":0,"href":"https:\/\/elinformante.mx\/index.php?rest_route=\/wp\/v2\/posts\/72988\/revisions"}],"wp:featuredmedia":[{"embeddable":true,"href":"https:\/\/elinformante.mx\/index.php?rest_route=\/wp\/v2\/media\/72989"}],"wp:attachment":[{"href":"https:\/\/elinformante.mx\/index.php?rest_route=%2Fwp%2Fv2%2Fmedia&parent=72988"}],"wp:term":[{"taxonomy":"category","embeddable":true,"href":"https:\/\/elinformante.mx\/index.php?rest_route=%2Fwp%2Fv2%2Fcategories&post=72988"},{"taxonomy":"post_tag","embeddable":true,"href":"https:\/\/elinformante.mx\/index.php?rest_route=%2Fwp%2Fv2%2Ftags&post=72988"}],"curies":[{"name":"wp","href":"https:\/\/api.w.org\/{rel}","templated":true}]}}