{"id":73008,"date":"2025-01-13T06:49:11","date_gmt":"2025-01-13T12:49:11","guid":{"rendered":"https:\/\/elinformante.mx\/?p=73008"},"modified":"2025-01-13T06:49:15","modified_gmt":"2025-01-13T12:49:15","slug":"semov-alista-pruebas-piloto-para-autobuses-electricos-en-el-corredor-tenango-metepec-toluca-y-en-zumpango","status":"publish","type":"post","link":"https:\/\/elinformante.mx\/?p=73008","title":{"rendered":"Semov alista pruebas piloto para autobuses el\u00e9ctricos en el corredor Tenango-Metepec-Toluca y en Zumpango"},"content":{"rendered":"\n<figure class=\"wp-block-pullquote\"><blockquote><p>Durante seis meses la Secretar\u00eda de Movilidad realizar\u00e1 los diagn\u00f3sticos con un autob\u00fas el\u00e9ctrico en dichas rutas del Valle de Toluca.<\/p><\/blockquote><\/figure>\n\n\n\n<p class=\"has-drop-cap\">Con el fin de capacitar a los transportistas e incrementar el conocimiento sobre la electromovilidad, el Gobierno de la Maestra Delfina G\u00f3mez \u00c1lvarez, a trav\u00e9s de la Secretar\u00eda de Movilidad, realizar\u00e1 pruebas piloto durante seis meses con un autob\u00fas el\u00e9ctrico en el corredor Tenango-Metepec-Toluca y de Zumpango.<br><\/p>\n\n\n\n<p>Lo anterior a trav\u00e9s de la firma de convenio en Comodato con la empresa MF Veh\u00edculos El\u00e9ctricos (Megaflux). El autob\u00fas el\u00e9ctrico fabricado en M\u00e9xico se desarroll\u00f3 en conjunto por Megaflux y Dina Camiones, con apoyo del Consejo Nacional de Humanidades, Ciencias y Tecnolog\u00eda (Conahcyt), es 100 por ciento el\u00e9ctrico y tiene una capacidad para 70 pasajeros.<br><\/p>\n\n\n\n<p>Daniel Sibaja Gonz\u00e1lez, Secretario de Movilidad indic\u00f3 que a partir de febrero comenzar\u00e1n las pruebas de eficiencia de la unidad, adem\u00e1s se capacitar\u00e1 a los operadores y se evaluar\u00e1 su posible implementaci\u00f3n masiva en los corredores de transporte p\u00fablico en el Estado de M\u00e9xico.<br><\/p>\n\n\n\n<p>El Secretario estatal asegur\u00f3 que con este convenio se transforma la calidad de vida de las y los mexiquenses al realizar acciones de manera integral para mejorar la movilidad y beneficiar a los usuarios, a los operadores y a los transportistas, con unidades nuevas y amigables con el medio ambiente.<br><\/p>\n\n\n\n<figure class=\"wp-block-image size-large\"><img fetchpriority=\"high\" decoding=\"async\" width=\"1024\" height=\"506\" src=\"https:\/\/elinformante.mx\/wp-content\/uploads\/2025\/01\/7semov-2-1024x506.jpg\" alt=\"\" class=\"wp-image-73010\" srcset=\"https:\/\/elinformante.mx\/wp-content\/uploads\/2025\/01\/7semov-2-1024x506.jpg 1024w, https:\/\/elinformante.mx\/wp-content\/uploads\/2025\/01\/7semov-2-300x148.jpg 300w, https:\/\/elinformante.mx\/wp-content\/uploads\/2025\/01\/7semov-2-768x379.jpg 768w, https:\/\/elinformante.mx\/wp-content\/uploads\/2025\/01\/7semov-2.jpg 1140w\" sizes=\"(max-width: 1024px) 100vw, 1024px\" \/><\/figure>\n\n\n\n<p>Anunci\u00f3 que se est\u00e1n buscando los mecanismos para que el Gobierno del Estado de M\u00e9xico tenga la capacidad administrativa de adquirir autobuses para crear la red de transporte p\u00fablico mexiquense.<br><\/p>\n\n\n\n<p>Por su parte, Ricardo Delgado Reynoso, Subsecretario de Movilidad, asegur\u00f3 que todas las acciones son en favor de los usuarios, que en muchas ocasiones destinan hasta cuatro horas en sus desplazamientos.<br><\/p>\n\n\n\n<p>Roberto Gottfried, Representante Legal de Megaflux, dijo que con la prueba piloto tambi\u00e9n se busca demostrar la mejora en las condiciones de trabajo de los operadores por el cambio de tecnolog\u00eda, ya que el motor es m\u00e1s silencioso, limpio y la unidad es m\u00e1s confortable.<br><\/p>\n\n\n\n<p>En este evento estuvieron Candi Ashanti Dom\u00ednguez Manjarrez, Vocal Ejecutiva del Instituto del Transporte del Estado de M\u00e9xico; Ana Cecilia L\u00f3pez D\u00e1vila, Coordinadora Jur\u00eddica de Igualdad de G\u00e9nero y Erradicaci\u00f3n de la Violencia de la Semov; as\u00ed como Felipe Gallego y Jorge Su\u00e1rez, representante de Megaflux, y Gustavo Mart\u00ednez integrante de DINA Camiones.<\/p>\n","protected":false},"excerpt":{"rendered":"<p>Durante seis meses la Secretar\u00eda de Movilidad realizar\u00e1 los diagn\u00f3sticos con un autob\u00fas el\u00e9ctrico en dichas rutas del Valle de Toluca. Con el fin de capacitar a los transportistas e incrementar el conocimiento sobre la electromovilidad, el Gobierno de la Maestra Delfina G\u00f3mez \u00c1lvarez, a trav\u00e9s de la Secretar\u00eda de Movilidad, realizar\u00e1 pruebas piloto durante [&hellip;]<\/p>\n","protected":false},"author":1,"featured_media":73009,"comment_status":"closed","ping_status":"closed","sticky":false,"template":"","format":"standard","meta":{"footnotes":""},"categories":[30,36],"tags":[],"class_list":["post-73008","post","type-post","status-publish","format-standard","has-post-thumbnail","hentry","category-destacado","category-edomex"],"_links":{"self":[{"href":"https:\/\/elinformante.mx\/index.php?rest_route=\/wp\/v2\/posts\/73008","targetHints":{"allow":["GET"]}}],"collection":[{"href":"https:\/\/elinformante.mx\/index.php?rest_route=\/wp\/v2\/posts"}],"about":[{"href":"https:\/\/elinformante.mx\/index.php?rest_route=\/wp\/v2\/types\/post"}],"author":[{"embeddable":true,"href":"https:\/\/elinformante.mx\/index.php?rest_route=\/wp\/v2\/users\/1"}],"replies":[{"embeddable":true,"href":"https:\/\/elinformante.mx\/index.php?rest_route=%2Fwp%2Fv2%2Fcomments&post=73008"}],"version-history":[{"count":0,"href":"https:\/\/elinformante.mx\/index.php?rest_route=\/wp\/v2\/posts\/73008\/revisions"}],"wp:featuredmedia":[{"embeddable":true,"href":"https:\/\/elinformante.mx\/index.php?rest_route=\/wp\/v2\/media\/73009"}],"wp:attachment":[{"href":"https:\/\/elinformante.mx\/index.php?rest_route=%2Fwp%2Fv2%2Fmedia&parent=73008"}],"wp:term":[{"taxonomy":"category","embeddable":true,"href":"https:\/\/elinformante.mx\/index.php?rest_route=%2Fwp%2Fv2%2Fcategories&post=73008"},{"taxonomy":"post_tag","embeddable":true,"href":"https:\/\/elinformante.mx\/index.php?rest_route=%2Fwp%2Fv2%2Ftags&post=73008"}],"curies":[{"name":"wp","href":"https:\/\/api.w.org\/{rel}","templated":true}]}}