{"id":73025,"date":"2025-01-13T07:02:39","date_gmt":"2025-01-13T13:02:39","guid":{"rendered":"https:\/\/elinformante.mx\/?p=73025"},"modified":"2025-01-13T07:02:41","modified_gmt":"2025-01-13T13:02:41","slug":"feria-la-ciudad-te-cuida-y-en-invierno-te-cobija-beneficia-a-mas-de-11-mil-capitalinos-en-la-cdmx","status":"publish","type":"post","link":"https:\/\/elinformante.mx\/?p=73025","title":{"rendered":"Feria \u201cLa ciudad te cuida y en invierno te cobija\u201d beneficia a m\u00e1s de 11 mil capitalinos en la CDMX"},"content":{"rendered":"\n<figure class=\"wp-block-pullquote\"><blockquote><p>La asistencia aproximada fue de 1900 personas, quienes recibieron los servicios del Gobierno de la Ciudad de M\u00e9xico.<\/p><\/blockquote><\/figure>\n\n\n\n<p class=\"has-drop-cap\">M\u00e1s de 11 mil habitantes de las alcald\u00edas Iztapalapa, Cuajimalpa, Magdalena Contreras, \u00c1lvaro Obreg\u00f3n, Tlalpan y Gustavo A. Madero se han beneficiado con las siete Ferias de \u201cLa Ciudad te cuida y en invierno te cobija\u201d, promovidas por el gobierno de la Ciudad de M\u00e9xico, encabezado por Clara Brugada Molina.<br><\/p>\n\n\n\n<p>Mediante estas acciones se estima que al final de la temporada invernal se tenga un alcance de 30 mil hogares beneficiados, como parte de la pol\u00edtica social del Gobierno capitalino.<br><\/p>\n\n\n\n<p>En la colonia Malacates de la alcald\u00eda Gustavo A. Madero, se llev\u00f3 a cabo la s\u00e9ptima Feria del Bienestar: \u201cLa Ciudad te cuida y en invierno te cobija\u201d, la cual estuvo presidida por la doctora Araceli Dami\u00e1n Gonz\u00e1lez, titular de la Secretar\u00eda de Bienestar (SEBIEN); Myriam Urz\u00faa Venegas, titular de la Secretar\u00eda de Gesti\u00f3n Integral de Riesgos y Protecci\u00f3n Civil (SGIRPC) y Maritza Rangel, responsable del programa Del Campo a la Ciudad.<br><\/p>\n\n\n\n<p>La asistencia aproximada fue de 1900 personas, quienes recibieron los servicios del Gobierno de la Ciudad de M\u00e9xico.<br><\/p>\n\n\n\n<p>Entre los servicios y bienes brindados se encuentra la entrega de 40 equipos de movilidad para personas mayores o con discapacidad (sillas de ruedas, bastones, andaderas); mil 900 acciones ciudadanas en materia de salud, actividades l\u00fadicas, educativas, asesor\u00edas legales; 200 actas de nacimiento otorgadas; 600 activaciones f\u00edsicas; 190 personas que compraron productos de ingesta b\u00e1sica a precios preferenciales; 2 mil raciones de chocolate con pan dulce; y la entrega de 3 mil 976 cobijas.<br><\/p>\n\n\n\n<p>Participaron diferentes Secretar\u00edas: de Salud, Bienestar e Igualdad Social, Educaci\u00f3n Ciencia y Tecnolog\u00eda, Atenci\u00f3n y Participaci\u00f3n Ciudadana; adem\u00e1s de la Consejer\u00eda Jur\u00eddica, PILARES, el sistema DIF y UTOP\u00cdAS.<\/p>\n\n\n\n<p><\/p>\n","protected":false},"excerpt":{"rendered":"<p>La asistencia aproximada fue de 1900 personas, quienes recibieron los servicios del Gobierno de la Ciudad de M\u00e9xico. M\u00e1s de 11 mil habitantes de las alcald\u00edas Iztapalapa, Cuajimalpa, Magdalena Contreras, \u00c1lvaro Obreg\u00f3n, Tlalpan y Gustavo A. Madero se han beneficiado con las siete Ferias de \u201cLa Ciudad te cuida y en invierno te cobija\u201d, promovidas [&hellip;]<\/p>\n","protected":false},"author":1,"featured_media":73026,"comment_status":"closed","ping_status":"closed","sticky":false,"template":"","format":"standard","meta":{"footnotes":""},"categories":[35],"tags":[],"class_list":["post-73025","post","type-post","status-publish","format-standard","has-post-thumbnail","hentry","category-cdmx"],"_links":{"self":[{"href":"https:\/\/elinformante.mx\/index.php?rest_route=\/wp\/v2\/posts\/73025","targetHints":{"allow":["GET"]}}],"collection":[{"href":"https:\/\/elinformante.mx\/index.php?rest_route=\/wp\/v2\/posts"}],"about":[{"href":"https:\/\/elinformante.mx\/index.php?rest_route=\/wp\/v2\/types\/post"}],"author":[{"embeddable":true,"href":"https:\/\/elinformante.mx\/index.php?rest_route=\/wp\/v2\/users\/1"}],"replies":[{"embeddable":true,"href":"https:\/\/elinformante.mx\/index.php?rest_route=%2Fwp%2Fv2%2Fcomments&post=73025"}],"version-history":[{"count":0,"href":"https:\/\/elinformante.mx\/index.php?rest_route=\/wp\/v2\/posts\/73025\/revisions"}],"wp:featuredmedia":[{"embeddable":true,"href":"https:\/\/elinformante.mx\/index.php?rest_route=\/wp\/v2\/media\/73026"}],"wp:attachment":[{"href":"https:\/\/elinformante.mx\/index.php?rest_route=%2Fwp%2Fv2%2Fmedia&parent=73025"}],"wp:term":[{"taxonomy":"category","embeddable":true,"href":"https:\/\/elinformante.mx\/index.php?rest_route=%2Fwp%2Fv2%2Fcategories&post=73025"},{"taxonomy":"post_tag","embeddable":true,"href":"https:\/\/elinformante.mx\/index.php?rest_route=%2Fwp%2Fv2%2Ftags&post=73025"}],"curies":[{"name":"wp","href":"https:\/\/api.w.org\/{rel}","templated":true}]}}