{"id":73031,"date":"2025-01-13T07:08:01","date_gmt":"2025-01-13T13:08:01","guid":{"rendered":"https:\/\/elinformante.mx\/?p=73031"},"modified":"2025-01-13T07:21:53","modified_gmt":"2025-01-13T13:21:53","slug":"inicia-semovi-cursos-desensibilizacion-para-operadores-de-transporte-vehicular-de-empresas-privadas","status":"publish","type":"post","link":"https:\/\/elinformante.mx\/?p=73031","title":{"rendered":"Inicia SEMOVI cursos de sensibilizaci\u00f3n para operadores de transporte vehicular de empresas privadas"},"content":{"rendered":"\n<figure class=\"wp-block-pullquote\"><blockquote><p>Este fin de semana, un grupo de 20 operadores de la empresa CEMEX, fue el primero en capacitarse este 2025 en materia vial en las instalaciones de la dependencia.<\/p><\/blockquote><\/figure>\n\n\n\n<p class=\"has-drop-cap\">Estos talleres, que son parte de una estrategia integral del Gobierno de la CDMX, encabezado por la jefa de Gobierno, Clara Brugada, tienen como uno de sus objetivos disminuir posibles incidentes de tr\u00e1nsito, relacionados con el transporte automotor y de carga.<br><\/p>\n\n\n\n<p>Como parte de los compromisos del Gobierno de la CDMX, la Secretar\u00eda de Movilidad (SEMOVI), liderada por H\u00e9ctor Ulises Garc\u00eda Nieto, inici\u00f3 los cursos de Seguridad Vial enfocados a empresas que operan con veh\u00edculos de carga.<br><\/p>\n\n\n\n<p>Estos talleres, que se impartir\u00e1n durante los fines de semana de 2025, tienen como prioridad explicar a las y los operadores de veh\u00edculos pesados y automotores, la importancia de mantener buenas pr\u00e1cticas detr\u00e1s del volante y de respetar el Reglamento de Tr\u00e1nsito de la Ciudad, as\u00ed como de la pir\u00e1mide de movilidad.<br><\/p>\n\n\n\n<p>\u201cActividades como estos cursos de sensibilizaci\u00f3n nos ayudan a que peatones y ciclistas, entre otros, tengan mejores condiciones de seguridad, as\u00ed como reducir posibles siniestros viales con veh\u00edculos de este tipo; es uno de los objetivos que tenemos para salvar vidas\u201d, se\u00f1al\u00f3 el secretario H\u00e9ctor Ulises Garc\u00eda Nieto.<br><\/p>\n\n\n\n<p>Este fin de semana, un grupo de 20 operadores de la empresa CEMEX, fue el primero en capacitarse este 2025 en materia vial en las instalaciones de la dependencia.<br><\/p>\n\n\n\n<p>Las y los operadores recibieron un taller te\u00f3rico donde reforzaron sus conocimientos en el reglamento de tr\u00e1nsito y en la jerarqu\u00eda de movilidad, as\u00ed como un curso de ciclismo urbano.<br><\/p>\n\n\n\n<p>En \u00e9ste, subieron a bicicletas para conocer las se\u00f1ales ciclistas b\u00e1sicas y, con ello, poder salir a un recorrido en calle, guiados por los instructores de la biciescuela, con la intenci\u00f3n de sensibilizarlos sobre el buen manejo de los veh\u00edculos automotores.<\/p>\n","protected":false},"excerpt":{"rendered":"<p>Este fin de semana, un grupo de 20 operadores de la empresa CEMEX, fue el primero en capacitarse este 2025 en materia vial en las instalaciones de la dependencia. Estos talleres, que son parte de una estrategia integral del Gobierno de la CDMX, encabezado por la jefa de Gobierno, Clara Brugada, tienen como uno de [&hellip;]<\/p>\n","protected":false},"author":1,"featured_media":73032,"comment_status":"closed","ping_status":"closed","sticky":false,"template":"","format":"standard","meta":{"footnotes":""},"categories":[35],"tags":[],"class_list":["post-73031","post","type-post","status-publish","format-standard","has-post-thumbnail","hentry","category-cdmx"],"_links":{"self":[{"href":"https:\/\/elinformante.mx\/index.php?rest_route=\/wp\/v2\/posts\/73031","targetHints":{"allow":["GET"]}}],"collection":[{"href":"https:\/\/elinformante.mx\/index.php?rest_route=\/wp\/v2\/posts"}],"about":[{"href":"https:\/\/elinformante.mx\/index.php?rest_route=\/wp\/v2\/types\/post"}],"author":[{"embeddable":true,"href":"https:\/\/elinformante.mx\/index.php?rest_route=\/wp\/v2\/users\/1"}],"replies":[{"embeddable":true,"href":"https:\/\/elinformante.mx\/index.php?rest_route=%2Fwp%2Fv2%2Fcomments&post=73031"}],"version-history":[{"count":0,"href":"https:\/\/elinformante.mx\/index.php?rest_route=\/wp\/v2\/posts\/73031\/revisions"}],"wp:featuredmedia":[{"embeddable":true,"href":"https:\/\/elinformante.mx\/index.php?rest_route=\/wp\/v2\/media\/73032"}],"wp:attachment":[{"href":"https:\/\/elinformante.mx\/index.php?rest_route=%2Fwp%2Fv2%2Fmedia&parent=73031"}],"wp:term":[{"taxonomy":"category","embeddable":true,"href":"https:\/\/elinformante.mx\/index.php?rest_route=%2Fwp%2Fv2%2Fcategories&post=73031"},{"taxonomy":"post_tag","embeddable":true,"href":"https:\/\/elinformante.mx\/index.php?rest_route=%2Fwp%2Fv2%2Ftags&post=73031"}],"curies":[{"name":"wp","href":"https:\/\/api.w.org\/{rel}","templated":true}]}}