{"id":73041,"date":"2025-01-13T07:12:31","date_gmt":"2025-01-13T13:12:31","guid":{"rendered":"https:\/\/elinformante.mx\/?p=73041"},"modified":"2025-01-13T07:12:37","modified_gmt":"2025-01-13T13:12:37","slug":"el-plan-nacional-sera-la-carta-de-navegacion-que-vamos-a-seguir-estos-proximos-anos-ebrard","status":"publish","type":"post","link":"https:\/\/elinformante.mx\/?p=73041","title":{"rendered":"El Plan Nacional ser\u00e1 la carta de navegaci\u00f3n que vamos a seguir estos pr\u00f3ximos a\u00f1os: Ebrard"},"content":{"rendered":"\n<figure class=\"wp-block-pullquote\"><blockquote><p>El secretario de Econom\u00eda encabez\u00f3 el foro del Plan Nacional de Desarrollo en Aguascalientes<\/p><\/blockquote><\/figure>\n\n\n\n<p class=\"has-drop-cap\">El Plan Nacional de Desarrollo (PND) 2025-2030 ser\u00e1 nuestra carta de navegaci\u00f3n para salir adelante en el nuevo escenario global, asegur\u00f3 hoy el secretario de Econom\u00eda, Marcelo Ebrard.<br><\/p>\n\n\n\n<p>El funcionario federal encabez\u00f3 hoy el Foro Econom\u00eda Moral y Trabajo Igualdad Sustantiva y Derechos de las Mujeres, celebrado en Aguascalientes, y que forma parte de los coloquios que tienen lugar en todo el pa\u00eds \u2014por instrucciones de la presidenta Claudia Sheinbaum\u2014 para enriquecer al PND.<br><\/p>\n\n\n\n<p>Ah\u00ed, el secretario Ebrard, se refiri\u00f3 al cambio pol\u00edtico que se avecina en Estados Unidos, a la pr\u00f3xima revisi\u00f3n del TMEC y al tr\u00e1nsito hacia una era en la econom\u00eda global caracterizada por el proteccionismo.<br><\/p>\n\n\n\n<p>\u201cVamos a estar en un nuevo escenario, en un escenario distinto a nivel global, a nivel mundial\u201d, explic\u00f3 Ebrard.<br><\/p>\n\n\n\n<p>\u201cQueremos lograr una serie de objetivos en nuestro pa\u00eds, pero tambi\u00e9n tomar en cuenta lo que est\u00e1 ocurriendo fuera para actuar con oportunidad, con inteligencia y sortear las circunstancias que se lleguen a presentar los pr\u00f3ximos a\u00f1os\u201d, reiter\u00f3 el secretario Ebrard.<br><\/p>\n\n\n\n<p>\u201cEl Plan Nacional ser\u00e1 la carta de navegaci\u00f3n que vamos a seguir estos pr\u00f3ximos a\u00f1os\u201d, apunt\u00f3 el funcionario federal.<br><\/p>\n\n\n\n<p>El secretario Ebrard particip\u00f3 en el foro acompa\u00f1ado de Tere Jim\u00e9nez, la gobernadora de Aguascalientes; de Graciela M\u00e1rquez, presidenta del INEGI, y de Jorge Mario Mart\u00ednez Piva, oficial a cargo de la Sede Subregional de la CEPAL en M\u00e9xico.<br><\/p>\n\n\n\n<p>Durante su ponencia, el secretario Ebrard dijo est\u00e1 creciendo la interacci\u00f3n entre comercio, exportaci\u00f3n e importaci\u00f3n con los Estados Unidos y que no hay forma de que eso no siga creciendo en los pr\u00f3ximos a\u00f1os.<br><\/p>\n\n\n\n<p>\u201cEntonces, parto de una base de optimismo y resoluci\u00f3n para las negociaciones que habr\u00e1n de venir. M\u00e9xico va a salir adelante, es lo que les quiero transmitir. Estamos resueltos, preparados, listos y vamos a salir adelante\u201d, indic\u00f3 Ebrard.<br><\/p>\n\n\n\n<p>El secretario Ebrard tambi\u00e9n destac\u00f3 el dinamismo econ\u00f3mico de Aguascalientes, as\u00ed como su vocaci\u00f3n exportadora. \u201cSi le va bien a Aguascalientes, le va bien a M\u00e9xico\u201d, apunt\u00f3.<br><\/p>\n\n\n\n<p>El foro reuni\u00f3 a expertos, l\u00edderes y representantes de diversos sectores que participaron en mesas de trabajo sobre temas clave para el futuro econ\u00f3mico del pa\u00eds, tales como: Econom\u00eda local, Cuidados, Inclusi\u00f3n y Desarrollo Econ\u00f3mico, Fortalecimiento de las Pymes para el Desarrollo Econ\u00f3mico y la Prosperidad Compartida, y Agroindustria y Desarrollo Sostenible y justo.<\/p>\n","protected":false},"excerpt":{"rendered":"<p>El secretario de Econom\u00eda encabez\u00f3 el foro del Plan Nacional de Desarrollo en Aguascalientes El Plan Nacional de Desarrollo (PND) 2025-2030 ser\u00e1 nuestra carta de navegaci\u00f3n para salir adelante en el nuevo escenario global, asegur\u00f3 hoy el secretario de Econom\u00eda, Marcelo Ebrard. El funcionario federal encabez\u00f3 hoy el Foro Econom\u00eda Moral y Trabajo Igualdad Sustantiva [&hellip;]<\/p>\n","protected":false},"author":1,"featured_media":73042,"comment_status":"closed","ping_status":"closed","sticky":false,"template":"","format":"standard","meta":{"footnotes":""},"categories":[30,34],"tags":[],"class_list":["post-73041","post","type-post","status-publish","format-standard","has-post-thumbnail","hentry","category-destacado","category-nacional"],"_links":{"self":[{"href":"https:\/\/elinformante.mx\/index.php?rest_route=\/wp\/v2\/posts\/73041","targetHints":{"allow":["GET"]}}],"collection":[{"href":"https:\/\/elinformante.mx\/index.php?rest_route=\/wp\/v2\/posts"}],"about":[{"href":"https:\/\/elinformante.mx\/index.php?rest_route=\/wp\/v2\/types\/post"}],"author":[{"embeddable":true,"href":"https:\/\/elinformante.mx\/index.php?rest_route=\/wp\/v2\/users\/1"}],"replies":[{"embeddable":true,"href":"https:\/\/elinformante.mx\/index.php?rest_route=%2Fwp%2Fv2%2Fcomments&post=73041"}],"version-history":[{"count":0,"href":"https:\/\/elinformante.mx\/index.php?rest_route=\/wp\/v2\/posts\/73041\/revisions"}],"wp:featuredmedia":[{"embeddable":true,"href":"https:\/\/elinformante.mx\/index.php?rest_route=\/wp\/v2\/media\/73042"}],"wp:attachment":[{"href":"https:\/\/elinformante.mx\/index.php?rest_route=%2Fwp%2Fv2%2Fmedia&parent=73041"}],"wp:term":[{"taxonomy":"category","embeddable":true,"href":"https:\/\/elinformante.mx\/index.php?rest_route=%2Fwp%2Fv2%2Fcategories&post=73041"},{"taxonomy":"post_tag","embeddable":true,"href":"https:\/\/elinformante.mx\/index.php?rest_route=%2Fwp%2Fv2%2Ftags&post=73041"}],"curies":[{"name":"wp","href":"https:\/\/api.w.org\/{rel}","templated":true}]}}