{"id":73051,"date":"2025-01-13T07:19:42","date_gmt":"2025-01-13T13:19:42","guid":{"rendered":"https:\/\/elinformante.mx\/?p=73051"},"modified":"2025-01-13T07:20:48","modified_gmt":"2025-01-13T13:20:48","slug":"recibieron-mas-de-20-mil-ninos-por-vez-primera-a-los-reyes-magos-mara-lezama","status":"publish","type":"post","link":"https:\/\/elinformante.mx\/?p=73051","title":{"rendered":"Recibieron m\u00e1s de 20 mil ni\u00f1os por vez primera a los Reyes Magos: Mara Lezama"},"content":{"rendered":"\n<figure class=\"wp-block-pullquote\"><blockquote><p>Comunidades de Benito Ju\u00e1rez, L\u00e1zaro C\u00e1rdenas, Tulum, Isla Mujeres, Puerto Morelos, Cozumel, Jos\u00e9 Mar\u00eda Morelos, Felipe Carrillo Puerto y Bacalar festejan este d\u00eda con pi\u00f1atas, rosca, juguetes y rifas<\/p><\/blockquote><\/figure>\n\n\n\n<p class=\"has-drop-cap\">En simult\u00e1neo, m\u00e1s de 20 mil ni\u00f1as, ni\u00f1os y sus familias de 100 comunidades de Quintana Roo celebraron por primera vez las festividades de D\u00eda de Reyes y recibieron a los reyes magos en un ambiente festivo, con pi\u00f1atas, rosca, juguetes y rifas, cerrando brechas de desigualdad y con oportunidades parejas para todas y todos.<br><\/p>\n\n\n\n<p>Esta jornada de festivales de D\u00eda de Reyes en simult\u00e1neo fue impulsada por la presidenta honoraria del Sistema DIF Quintana Roo, Ver\u00f3nica Lezama Espinosa, que permite que las ni\u00f1as y los ni\u00f1os de 100 comunidades reciban por primera vez a los reyes magos.<br><\/p>\n\n\n\n<p>Desde este municipio, en el domo de la comunidad Agua Azul, la gobernadora Mara Lezama, envi\u00f3 un saludo muy afectuoso a las ni\u00f1as y ni\u00f1os, a sus familias, de Benito Ju\u00e1rez, L\u00e1zaro C\u00e1rdenas, Tulum, Isla Mujeres, Puerto Morelos, Cozumel, Jos\u00e9 Mar\u00eda Morelos, Felipe Carrillo Puerto y Bacalar, a quienes dijo que este gobierno humanista, con coraz\u00f3n feminista, impulsa pol\u00edticas de equidad y justicia social, llevando programas sociales y atenci\u00f3n comunitaria hasta donde no hab\u00edan llegado gobiernos anteriores.<br><\/p>\n\n\n\n<p>Destac\u00f3 que en esta nueva forma de gobernar, en el que se impulsa un Nuevo Acuerdo por el Bienestar y Desarrollo de Quintana Roo, nadie se queda fuera ni nadie se queda atr\u00e1s, y la prosperidad se comparte con todas y todos.<br><\/p>\n\n\n\n<p>Mara Lezama reafirm\u00f3 su compromiso de seguir trabajando por la justicia social, acercando programas y acciones que promuevan la equidad y el bienestar de todas las ni\u00f1as y ni\u00f1os del estado, asegurando que nadie se quede atr\u00e1s y absolutamente nadie se quede fuera de la transformaci\u00f3n de Quintana Roo.<br><\/p>\n\n\n\n<p>En estos eventos en las 100 comunidades participaron secretarios del gabinete estatal, representantes del Sistema DIF Quintana Roo, representantes de los ayuntamientos y de los DIF municipales de Benito Ju\u00e1rez, L\u00e1zaro C\u00e1rdenas, Tulum, Isla Mujeres, Puerto Morelos, Cozumel, Jos\u00e9 Mar\u00eda Morelos, Felipe Carrillo Puerto y Bacalar.<\/p>\n","protected":false},"excerpt":{"rendered":"<p>Comunidades de Benito Ju\u00e1rez, L\u00e1zaro C\u00e1rdenas, Tulum, Isla Mujeres, Puerto Morelos, Cozumel, Jos\u00e9 Mar\u00eda Morelos, Felipe Carrillo Puerto y Bacalar festejan este d\u00eda con pi\u00f1atas, rosca, juguetes y rifas En simult\u00e1neo, m\u00e1s de 20 mil ni\u00f1as, ni\u00f1os y sus familias de 100 comunidades de Quintana Roo celebraron por primera vez las festividades de D\u00eda de [&hellip;]<\/p>\n","protected":false},"author":1,"featured_media":73052,"comment_status":"closed","ping_status":"closed","sticky":false,"template":"","format":"standard","meta":{"footnotes":""},"categories":[30,34],"tags":[],"class_list":["post-73051","post","type-post","status-publish","format-standard","has-post-thumbnail","hentry","category-destacado","category-nacional"],"_links":{"self":[{"href":"https:\/\/elinformante.mx\/index.php?rest_route=\/wp\/v2\/posts\/73051","targetHints":{"allow":["GET"]}}],"collection":[{"href":"https:\/\/elinformante.mx\/index.php?rest_route=\/wp\/v2\/posts"}],"about":[{"href":"https:\/\/elinformante.mx\/index.php?rest_route=\/wp\/v2\/types\/post"}],"author":[{"embeddable":true,"href":"https:\/\/elinformante.mx\/index.php?rest_route=\/wp\/v2\/users\/1"}],"replies":[{"embeddable":true,"href":"https:\/\/elinformante.mx\/index.php?rest_route=%2Fwp%2Fv2%2Fcomments&post=73051"}],"version-history":[{"count":0,"href":"https:\/\/elinformante.mx\/index.php?rest_route=\/wp\/v2\/posts\/73051\/revisions"}],"wp:featuredmedia":[{"embeddable":true,"href":"https:\/\/elinformante.mx\/index.php?rest_route=\/wp\/v2\/media\/73052"}],"wp:attachment":[{"href":"https:\/\/elinformante.mx\/index.php?rest_route=%2Fwp%2Fv2%2Fmedia&parent=73051"}],"wp:term":[{"taxonomy":"category","embeddable":true,"href":"https:\/\/elinformante.mx\/index.php?rest_route=%2Fwp%2Fv2%2Fcategories&post=73051"},{"taxonomy":"post_tag","embeddable":true,"href":"https:\/\/elinformante.mx\/index.php?rest_route=%2Fwp%2Fv2%2Ftags&post=73051"}],"curies":[{"name":"wp","href":"https:\/\/api.w.org\/{rel}","templated":true}]}}