{"id":73283,"date":"2025-01-16T06:01:11","date_gmt":"2025-01-16T12:01:11","guid":{"rendered":"https:\/\/elinformante.mx\/?p=73283"},"modified":"2025-01-16T06:01:13","modified_gmt":"2025-01-16T12:01:13","slug":"estrenaran-documental-sobre-sean-diddy-combs-en-una-plataforma-de-paga","status":"publish","type":"post","link":"https:\/\/elinformante.mx\/?p=73283","title":{"rendered":"Estrenar\u00e1n documental sobre Sean \u201cDiddy\u201d Combs en una plataforma de paga"},"content":{"rendered":"\n<figure class=\"wp-block-pullquote\"><blockquote><p>El documental hablar\u00e1 del este controversial caso donde se dar\u00e1 a conocer todo lo que ha ocurrido desde que fue acusado por diversas situaciones de violencia y abuso.<\/p><\/blockquote><\/figure>\n\n\n\n<p class=\"has-drop-cap\">Fue mediante la cuenta oficial de MAX Latinoam\u00e9rica, en la plataforma de X, antes Twitter, en donde liberaron el primer p\u00f3ster oficial, adem\u00e1s de la fecha de estreno.<br><\/p>\n\n\n\n<p>El documental titulado \u201cCa\u00edda de un \u00edcono: P. Diddy\u201d llegar\u00e1 a la plataforma de MAX, antes HBO, y al canal de Investigation Discovery; su fecha de lanzamiento es el pr\u00f3ximo 1 de febrero.<br><\/p>\n\n\n\n<p>El pasado mes de septiembre del 2024, el rapero Sean \u2018Diddy\u2019 Combs lleg\u00f3 a las noticias mundiales, luego de ser arrestado y acusado por diversas situaciones de violencia, abuso y dem\u00e1s, en donde surgieron rumores al respecto de ciertas fiestas con actos ilegales, por lo que todo lo que acontec\u00eda en su vida era un tema de conversaci\u00f3n.<br><\/p>\n\n\n\n<p>Tras ello, diversas productoras anunciaron que estar\u00edan realizando documentales en donde se contar\u00edan todos los detalles al respecto de su caso y de las historias que le rodean, generando as\u00ed gran expectaci\u00f3n a todos los usuarios que deseaban adentrase m\u00e1s a los hechos de los que se le acusan.<br><\/p>\n\n\n\n<p>Adria English (ex pareja del rapero) levant\u00f3 la respectiva denuncia en contra del rapero por el abuso que sufri\u00f3 de su parte entre los a\u00f1os 2006 y 2009, mismos donde asegura que fue obligada por Combs para dedicarse a la prostituci\u00f3n y dar servicios sexuales.<br><\/p>\n\n\n\n<p>La noticia sobre su detenci\u00f3n lleg\u00f3 poco tiempo despu\u00e9s de que el portal de NBC News anunciara que el famoso estar\u00eda siendo objeto de una investigaci\u00f3n criminal federal.<br><\/p>\n\n\n\n<p>La p\u00e1gina oficial de TMZ confirm\u00f3 que este habr\u00eda sido detenido por las autoridades y fue imputado por tr\u00e1fico sexual, asociaci\u00f3n il\u00edcita y promoci\u00f3n de la prostituci\u00f3n; sin embargo, su abogado neg\u00f3 todas y cada una de las acusaciones, afirmando que Combs no era culpable de los hechos.<br><\/p>\n\n\n\n<p>Seg\u00fan la informaci\u00f3n reportada, la fiscal\u00eda argument\u00f3 que Sean \u201cDiddy\u201d Combs habr\u00eda abusado, amenazado y coaccionado a muchas mujeres para satisfacer sus deseos sexuales, utilizando en cierta forma su imperio musical como el medio para llevar a cabo estos delitos.<br><\/p>\n\n\n\n<p>Seg\u00fan el fiscal Damian Williams, se revel\u00f3 que el rapero habr\u00eda forzado a las mujeres a participar en relaciones sexuales con prostitutos bajo la influencia de las drogas y sustancias il\u00edcitas.<\/p>\n","protected":false},"excerpt":{"rendered":"<p>El documental hablar\u00e1 del este controversial caso donde se dar\u00e1 a conocer todo lo que ha ocurrido desde que fue acusado por diversas situaciones de violencia y abuso. Fue mediante la cuenta oficial de MAX Latinoam\u00e9rica, en la plataforma de X, antes Twitter, en donde liberaron el primer p\u00f3ster oficial, adem\u00e1s de la fecha de [&hellip;]<\/p>\n","protected":false},"author":1,"featured_media":73284,"comment_status":"closed","ping_status":"closed","sticky":false,"template":"","format":"standard","meta":{"footnotes":""},"categories":[30,39],"tags":[],"class_list":["post-73283","post","type-post","status-publish","format-standard","has-post-thumbnail","hentry","category-destacado","category-espectaculos"],"_links":{"self":[{"href":"https:\/\/elinformante.mx\/index.php?rest_route=\/wp\/v2\/posts\/73283","targetHints":{"allow":["GET"]}}],"collection":[{"href":"https:\/\/elinformante.mx\/index.php?rest_route=\/wp\/v2\/posts"}],"about":[{"href":"https:\/\/elinformante.mx\/index.php?rest_route=\/wp\/v2\/types\/post"}],"author":[{"embeddable":true,"href":"https:\/\/elinformante.mx\/index.php?rest_route=\/wp\/v2\/users\/1"}],"replies":[{"embeddable":true,"href":"https:\/\/elinformante.mx\/index.php?rest_route=%2Fwp%2Fv2%2Fcomments&post=73283"}],"version-history":[{"count":0,"href":"https:\/\/elinformante.mx\/index.php?rest_route=\/wp\/v2\/posts\/73283\/revisions"}],"wp:featuredmedia":[{"embeddable":true,"href":"https:\/\/elinformante.mx\/index.php?rest_route=\/wp\/v2\/media\/73284"}],"wp:attachment":[{"href":"https:\/\/elinformante.mx\/index.php?rest_route=%2Fwp%2Fv2%2Fmedia&parent=73283"}],"wp:term":[{"taxonomy":"category","embeddable":true,"href":"https:\/\/elinformante.mx\/index.php?rest_route=%2Fwp%2Fv2%2Fcategories&post=73283"},{"taxonomy":"post_tag","embeddable":true,"href":"https:\/\/elinformante.mx\/index.php?rest_route=%2Fwp%2Fv2%2Ftags&post=73283"}],"curies":[{"name":"wp","href":"https:\/\/api.w.org\/{rel}","templated":true}]}}