{"id":73622,"date":"2025-01-21T05:56:34","date_gmt":"2025-01-21T11:56:34","guid":{"rendered":"https:\/\/elinformante.mx\/?p=73622"},"modified":"2025-01-21T05:56:35","modified_gmt":"2025-01-21T11:56:35","slug":"dan-a-conocer-colaboracion-entre-danna-y-santa-fe-klan","status":"publish","type":"post","link":"https:\/\/elinformante.mx\/?p=73622","title":{"rendered":"Dan a conocer colaboraci\u00f3n entre Danna y Santa Fe Klan"},"content":{"rendered":"\n<figure class=\"wp-block-pullquote\"><blockquote><p>El cantante hace meses confirm\u00f3 la colaboraci\u00f3n y afirm\u00f3 que el tema ser\u00e1 estrenado a finales de a\u00f1o y que ser\u00eda a trav\u00e9s de las plataformas digitales de la int\u00e9rprete de \u2018Sodio\u2019.<\/p><\/blockquote><\/figure>\n\n\n\n<p class=\"has-drop-cap\">Los cantantes mexicanos Danna y Santa Fe Klan se volvieron tendencia de X tras viralizarse im\u00e1genes y videos in\u00e9ditos sobre su pr\u00f3xima colaboraci\u00f3n \u201cNada es para siempre\u201d, que hasta el momento no tiene fecha de estreno.<br><\/p>\n\n\n\n<p>En las fotos que se pueden apreciar en redes sociales, ambos artistas se pueden ver recargados en la parte frontal de un autom\u00f3vil color morado con toques plateados.<br><\/p>\n\n\n\n<p>Danna porta un estilo urbano, donde combin\u00f3 un bralette negro con una falda de textura peluda y una chaqueta acolchada de tono amarillo. Adem\u00e1s, el look se complementa con calzado de estampado animal.<br><\/p>\n\n\n\n<p>Santa Fe Klan se puede ver vestido con una camisa oversize color gris con negro y una camisa color negro con pantalones color azul oversize y un pa\u00f1o color caf\u00e9 en la frente; en la imagen, ambos salen mir\u00e1ndose entre s\u00ed con una sonrisa en el rostro.<br><\/p>\n\n\n\n<figure class=\"wp-block-image size-large\"><img fetchpriority=\"high\" decoding=\"async\" width=\"1024\" height=\"506\" src=\"https:\/\/elinformante.mx\/wp-content\/uploads\/2025\/01\/15danna-2-1024x506.jpg\" alt=\"\" class=\"wp-image-73624\" srcset=\"https:\/\/elinformante.mx\/wp-content\/uploads\/2025\/01\/15danna-2-1024x506.jpg 1024w, https:\/\/elinformante.mx\/wp-content\/uploads\/2025\/01\/15danna-2-300x148.jpg 300w, https:\/\/elinformante.mx\/wp-content\/uploads\/2025\/01\/15danna-2-768x379.jpg 768w, https:\/\/elinformante.mx\/wp-content\/uploads\/2025\/01\/15danna-2.jpg 1140w\" sizes=\"(max-width: 1024px) 100vw, 1024px\" \/><\/figure>\n\n\n\n<p>Los usuarios en redes sociales no han perdido la oportunidad para dar su opini\u00f3n al respecto, donde expresan su emoci\u00f3n y espera a que salga el sencillo: \u201cser\u00e1 una canci\u00f3n Pop con Rap Mexicano, creando una nueva fusi\u00f3n de g\u00e9neros para la m\u00fasica en M\u00e9xico\u201d, \u201cOjal\u00e1 no sea tan forzado como Belinda en los corridos tumbados\u201d, \u201cEntre mexicanos apoy\u00e1ndose\u201d.<br><\/p>\n\n\n\n<p>El cantante hace meses confirm\u00f3 la colaboraci\u00f3n y afirm\u00f3 que el tema ser\u00e1 estrenado a finales de a\u00f1o y que ser\u00eda a trav\u00e9s de las plataformas digitales de la int\u00e9rprete de \u2018Sodio\u2019.<br><\/p>\n\n\n\n<p>\u201cCreo que a finales de este a\u00f1o, pero la va a sacar ella\u201d, \u201cS\u00ed qued\u00f3 una rola chilota. S\u00ed es chida, es banda\u201d, coment\u00f3.<br><\/p>\n\n\n\n<p>Esta colaboraci\u00f3n se origin\u00f3 tras una pl\u00e1tica que tuvieron durante una de las peleas del Canelo \u00c1lvarez: \u201cYa hab\u00edamos cotorreado, ya la hab\u00eda visto varias veces, all\u00e1 en la pelea del \u2018Canelo\u2019, tambi\u00e9n ah\u00ed la salud\u00e9, pero ten\u00edamos as\u00ed las ganas de meternos al estudio y pues ya se dio\u201d.<\/p>\n","protected":false},"excerpt":{"rendered":"<p>El cantante hace meses confirm\u00f3 la colaboraci\u00f3n y afirm\u00f3 que el tema ser\u00e1 estrenado a finales de a\u00f1o y que ser\u00eda a trav\u00e9s de las plataformas digitales de la int\u00e9rprete de \u2018Sodio\u2019. Los cantantes mexicanos Danna y Santa Fe Klan se volvieron tendencia de X tras viralizarse im\u00e1genes y videos in\u00e9ditos sobre su pr\u00f3xima colaboraci\u00f3n [&hellip;]<\/p>\n","protected":false},"author":1,"featured_media":73623,"comment_status":"closed","ping_status":"closed","sticky":false,"template":"","format":"standard","meta":{"footnotes":""},"categories":[30,39],"tags":[],"class_list":["post-73622","post","type-post","status-publish","format-standard","has-post-thumbnail","hentry","category-destacado","category-espectaculos"],"_links":{"self":[{"href":"https:\/\/elinformante.mx\/index.php?rest_route=\/wp\/v2\/posts\/73622","targetHints":{"allow":["GET"]}}],"collection":[{"href":"https:\/\/elinformante.mx\/index.php?rest_route=\/wp\/v2\/posts"}],"about":[{"href":"https:\/\/elinformante.mx\/index.php?rest_route=\/wp\/v2\/types\/post"}],"author":[{"embeddable":true,"href":"https:\/\/elinformante.mx\/index.php?rest_route=\/wp\/v2\/users\/1"}],"replies":[{"embeddable":true,"href":"https:\/\/elinformante.mx\/index.php?rest_route=%2Fwp%2Fv2%2Fcomments&post=73622"}],"version-history":[{"count":0,"href":"https:\/\/elinformante.mx\/index.php?rest_route=\/wp\/v2\/posts\/73622\/revisions"}],"wp:featuredmedia":[{"embeddable":true,"href":"https:\/\/elinformante.mx\/index.php?rest_route=\/wp\/v2\/media\/73623"}],"wp:attachment":[{"href":"https:\/\/elinformante.mx\/index.php?rest_route=%2Fwp%2Fv2%2Fmedia&parent=73622"}],"wp:term":[{"taxonomy":"category","embeddable":true,"href":"https:\/\/elinformante.mx\/index.php?rest_route=%2Fwp%2Fv2%2Fcategories&post=73622"},{"taxonomy":"post_tag","embeddable":true,"href":"https:\/\/elinformante.mx\/index.php?rest_route=%2Fwp%2Fv2%2Ftags&post=73622"}],"curies":[{"name":"wp","href":"https:\/\/api.w.org\/{rel}","templated":true}]}}