{"id":73641,"date":"2025-01-21T06:14:31","date_gmt":"2025-01-21T12:14:31","guid":{"rendered":"https:\/\/elinformante.mx\/?p=73641"},"modified":"2025-01-21T06:14:33","modified_gmt":"2025-01-21T12:14:33","slug":"participa-ssem-en-la-feria-de-la-seguridad-por-la-paz","status":"publish","type":"post","link":"https:\/\/elinformante.mx\/?p=73641","title":{"rendered":"Participa SSEM en la Feria de la Seguridad por la Paz"},"content":{"rendered":"\n<figure class=\"wp-block-pullquote\"><blockquote><p>Asistentes pudieron conocer el trabajo de distintos agrupamientos, el funcionamiento de unidades oficiales, adem\u00e1s de presenciar demostraciones de binomios caninos y equinos.<\/p><\/blockquote><\/figure>\n\n\n\n<p class=\"has-drop-cap\">Con el objetivo de desarrollar una mayor cercan\u00eda con la poblaci\u00f3n mediante el fortalecimiento de labores de proximidad y la atenci\u00f3n a las causas establecida en el Plan de Desarrollo del gobierno estatal, la Secretar\u00eda de Seguridad del Estado de M\u00e9xico (SSEM), a trav\u00e9s de la Subsecretar\u00eda de Polic\u00eda Estatal particip\u00f3 en la Feria de Seguridad por la Paz.<br><\/p>\n\n\n\n<p>Es as\u00ed que, con la participaci\u00f3n de 71 polic\u00edas estatales, la SSEM estrecha el v\u00ednculo con las y los mexiquenses para que conozcan a sus oficiales y da seguimiento a lo establecido en las Mesas de Coordinaci\u00f3n para la Construcci\u00f3n de la Paz, en la que coadyuvan los tres \u00f3rdenes de gobierno.<br><\/p>\n\n\n\n<figure class=\"wp-block-image size-large\"><img fetchpriority=\"high\" decoding=\"async\" width=\"1024\" height=\"506\" src=\"https:\/\/elinformante.mx\/wp-content\/uploads\/2025\/01\/13participa-2-1024x506.jpeg\" alt=\"\" class=\"wp-image-73643\" srcset=\"https:\/\/elinformante.mx\/wp-content\/uploads\/2025\/01\/13participa-2-1024x506.jpeg 1024w, https:\/\/elinformante.mx\/wp-content\/uploads\/2025\/01\/13participa-2-300x148.jpeg 300w, https:\/\/elinformante.mx\/wp-content\/uploads\/2025\/01\/13participa-2-768x379.jpeg 768w, https:\/\/elinformante.mx\/wp-content\/uploads\/2025\/01\/13participa-2.jpeg 1140w\" sizes=\"(max-width: 1024px) 100vw, 1024px\" \/><\/figure>\n\n\n\n<p>En la Alameda Central de la capital mexiquense, la iniciativa mostr\u00f3 a las y los asistentes de todas las edades la labor que realizan los diversos grupos pertenecientes a la Direcci\u00f3n General de Seguridad P\u00fablica y Tr\u00e1nsito (DGSPyT) como lo son: Agrupamiento de Servicios Especiales de Seguridad (ASES), Grupo de Intervenci\u00f3n Policial (GIP), ASTROS, Agrupamiento Femenil de Fuerzas Especiales (AFFE), Cercanos Santiago y UMYC, adem\u00e1s, se instalaron stands del programa Vigilante Voluntario VIVO y de tr\u00e1nsito.<br><\/p>\n\n\n\n<p>De igual manera, dentro de las actividades que se realizaron, las y los visitantes pudieron conocer el funcionamiento de veh\u00edculos oficiales, equipo t\u00e1ctico y se brindaron demostraciones de binomios caninos y equinos.<br><\/p>\n\n\n\n<p>Con estas acciones, la SSEM refrenda el compromiso con la ciudadan\u00eda de reconstruir el tejido social y la confianza con la autoridad, a fin de estrechar tener espacios seguros para las familias mexiquenses.<\/p>\n","protected":false},"excerpt":{"rendered":"<p>Asistentes pudieron conocer el trabajo de distintos agrupamientos, el funcionamiento de unidades oficiales, adem\u00e1s de presenciar demostraciones de binomios caninos y equinos. Con el objetivo de desarrollar una mayor cercan\u00eda con la poblaci\u00f3n mediante el fortalecimiento de labores de proximidad y la atenci\u00f3n a las causas establecida en el Plan de Desarrollo del gobierno estatal, [&hellip;]<\/p>\n","protected":false},"author":1,"featured_media":73642,"comment_status":"closed","ping_status":"closed","sticky":false,"template":"","format":"standard","meta":{"footnotes":""},"categories":[30,36,37],"tags":[],"class_list":["post-73641","post","type-post","status-publish","format-standard","has-post-thumbnail","hentry","category-destacado","category-edomex","category-justicia"],"_links":{"self":[{"href":"https:\/\/elinformante.mx\/index.php?rest_route=\/wp\/v2\/posts\/73641","targetHints":{"allow":["GET"]}}],"collection":[{"href":"https:\/\/elinformante.mx\/index.php?rest_route=\/wp\/v2\/posts"}],"about":[{"href":"https:\/\/elinformante.mx\/index.php?rest_route=\/wp\/v2\/types\/post"}],"author":[{"embeddable":true,"href":"https:\/\/elinformante.mx\/index.php?rest_route=\/wp\/v2\/users\/1"}],"replies":[{"embeddable":true,"href":"https:\/\/elinformante.mx\/index.php?rest_route=%2Fwp%2Fv2%2Fcomments&post=73641"}],"version-history":[{"count":0,"href":"https:\/\/elinformante.mx\/index.php?rest_route=\/wp\/v2\/posts\/73641\/revisions"}],"wp:featuredmedia":[{"embeddable":true,"href":"https:\/\/elinformante.mx\/index.php?rest_route=\/wp\/v2\/media\/73642"}],"wp:attachment":[{"href":"https:\/\/elinformante.mx\/index.php?rest_route=%2Fwp%2Fv2%2Fmedia&parent=73641"}],"wp:term":[{"taxonomy":"category","embeddable":true,"href":"https:\/\/elinformante.mx\/index.php?rest_route=%2Fwp%2Fv2%2Fcategories&post=73641"},{"taxonomy":"post_tag","embeddable":true,"href":"https:\/\/elinformante.mx\/index.php?rest_route=%2Fwp%2Fv2%2Ftags&post=73641"}],"curies":[{"name":"wp","href":"https:\/\/api.w.org\/{rel}","templated":true}]}}