{"id":73671,"date":"2025-01-21T06:43:56","date_gmt":"2025-01-21T12:43:56","guid":{"rendered":"https:\/\/elinformante.mx\/?p=73671"},"modified":"2025-01-21T06:44:00","modified_gmt":"2025-01-21T12:44:00","slug":"delfina-gomez-y-diputados-de-morena-impulsaran-y-fortaleceran-el-edomex","status":"publish","type":"post","link":"https:\/\/elinformante.mx\/?p=73671","title":{"rendered":"Delfina G\u00f3mez y diputados de Morena impulsar\u00e1n y fortalecer\u00e1n el Edom\u00e9x"},"content":{"rendered":"\n<figure class=\"wp-block-pullquote\"><blockquote><p>-La Mandataria estatal convoca a trabajar de manera coordinada para lograr mejores condiciones sociales, econ\u00f3micas y de medio ambiente para las y los mexiquenses.<\/p><\/blockquote><\/figure>\n\n\n\n<p class=\"has-drop-cap\">La Gobernadora del Estado de M\u00e9xico, Delfina G\u00f3mez \u00c1lvarez inaugur\u00f3 los trabajos de la primera Reuni\u00f3n de Actividades Legislativas con Diputadas y Diputados de Morena del Estado de M\u00e9xico y Michoac\u00e1n, a quienes convoc\u00f3 a trabajar de manera coordinada para cumplir con la encomienda m\u00e1s importante, mejorar la vida de las y los ciudadanos mexicanos.<br><\/p>\n\n\n\n<p>La reuni\u00f3n tuvo como prop\u00f3sito alinear y fortalecer las agendas legislativas, con miras a analizar, modificar o generar nuevas leyes que respondan a los intereses y necesidades de ambos estados, a trav\u00e9s de iniciativas que mejoren las condiciones sociales, econ\u00f3micas y de medio ambiente para beneficio de la ciudadan\u00eda.<br><\/p>\n\n\n\n<figure class=\"wp-block-image size-large\"><img fetchpriority=\"high\" decoding=\"async\" width=\"1024\" height=\"506\" src=\"https:\/\/elinformante.mx\/wp-content\/uploads\/2025\/01\/7delfina-23-1024x506.jpg\" alt=\"\" class=\"wp-image-73673\" srcset=\"https:\/\/elinformante.mx\/wp-content\/uploads\/2025\/01\/7delfina-23-1024x506.jpg 1024w, https:\/\/elinformante.mx\/wp-content\/uploads\/2025\/01\/7delfina-23-300x148.jpg 300w, https:\/\/elinformante.mx\/wp-content\/uploads\/2025\/01\/7delfina-23-768x379.jpg 768w, https:\/\/elinformante.mx\/wp-content\/uploads\/2025\/01\/7delfina-23.jpg 1140w\" sizes=\"(max-width: 1024px) 100vw, 1024px\" \/><\/figure>\n\n\n\n<p>En la reuni\u00f3n el Diputado Ricardo Monreal \u00c1vila, Coordinador del Grupo Parlamentario Morena en la C\u00e1mara de Diputados, reconoci\u00f3 el gran desempe\u00f1o de la Gobernadora Delfina G\u00f3mez \u00c1lvarez, a quien le reiter\u00f3 el respaldo de la bancada para impulsar los temas legislativos que fortalezcan al Estado de M\u00e9xico.<br><\/p>\n\n\n\n<p>A esta sesi\u00f3n asistieron Horacio Duarte Olivares, Secretario General de Gobierno; Sergio Guti\u00e9rrez Luna, Presidente de la C\u00e1mara de Diputados; y Gabriela Jim\u00e9nez Vicecoordinadora del Grupo Parlamentario de Morena.<\/p>\n","protected":false},"excerpt":{"rendered":"<p>-La Mandataria estatal convoca a trabajar de manera coordinada para lograr mejores condiciones sociales, econ\u00f3micas y de medio ambiente para las y los mexiquenses. La Gobernadora del Estado de M\u00e9xico, Delfina G\u00f3mez \u00c1lvarez inaugur\u00f3 los trabajos de la primera Reuni\u00f3n de Actividades Legislativas con Diputadas y Diputados de Morena del Estado de M\u00e9xico y Michoac\u00e1n, [&hellip;]<\/p>\n","protected":false},"author":1,"featured_media":73672,"comment_status":"closed","ping_status":"closed","sticky":false,"template":"","format":"standard","meta":{"footnotes":""},"categories":[30,36,31],"tags":[],"class_list":["post-73671","post","type-post","status-publish","format-standard","has-post-thumbnail","hentry","category-destacado","category-edomex","category-portada"],"_links":{"self":[{"href":"https:\/\/elinformante.mx\/index.php?rest_route=\/wp\/v2\/posts\/73671","targetHints":{"allow":["GET"]}}],"collection":[{"href":"https:\/\/elinformante.mx\/index.php?rest_route=\/wp\/v2\/posts"}],"about":[{"href":"https:\/\/elinformante.mx\/index.php?rest_route=\/wp\/v2\/types\/post"}],"author":[{"embeddable":true,"href":"https:\/\/elinformante.mx\/index.php?rest_route=\/wp\/v2\/users\/1"}],"replies":[{"embeddable":true,"href":"https:\/\/elinformante.mx\/index.php?rest_route=%2Fwp%2Fv2%2Fcomments&post=73671"}],"version-history":[{"count":0,"href":"https:\/\/elinformante.mx\/index.php?rest_route=\/wp\/v2\/posts\/73671\/revisions"}],"wp:featuredmedia":[{"embeddable":true,"href":"https:\/\/elinformante.mx\/index.php?rest_route=\/wp\/v2\/media\/73672"}],"wp:attachment":[{"href":"https:\/\/elinformante.mx\/index.php?rest_route=%2Fwp%2Fv2%2Fmedia&parent=73671"}],"wp:term":[{"taxonomy":"category","embeddable":true,"href":"https:\/\/elinformante.mx\/index.php?rest_route=%2Fwp%2Fv2%2Fcategories&post=73671"},{"taxonomy":"post_tag","embeddable":true,"href":"https:\/\/elinformante.mx\/index.php?rest_route=%2Fwp%2Fv2%2Ftags&post=73671"}],"curies":[{"name":"wp","href":"https:\/\/api.w.org\/{rel}","templated":true}]}}