{"id":73684,"date":"2025-01-21T06:56:11","date_gmt":"2025-01-21T12:56:11","guid":{"rendered":"https:\/\/elinformante.mx\/?p=73684"},"modified":"2025-01-21T06:56:12","modified_gmt":"2025-01-21T12:56:12","slug":"se-realiza-en-la-alcaldia-iztapalapa-la-feria-del-bienestar-la-ciudad-te-cuida-y-en-invierno-te-cobija","status":"publish","type":"post","link":"https:\/\/elinformante.mx\/?p=73684","title":{"rendered":"Se realiza en la alcald\u00eda Iztapalapa la feria del Bienestar \u201cLa Ciudad te Cuida y en invierno te Cobija\u201d"},"content":{"rendered":"\n<figure class=\"wp-block-pullquote\"><blockquote><p>La directora del programa Ponte Pila, de PILARES, Ameyali S\u00e1nchez Meza, invit\u00f3 a las y los asistentes a inscribirse en el reto de activaci\u00f3n f\u00edsica y caminata por un mes para mejorar la salud.<\/p><\/blockquote><\/figure>\n\n\n\n<p class=\"has-drop-cap\">La Feria del Bienestar \u201cLa Ciudad te Cuida y en Invierno te Cobija\u201d lleg\u00f3 a la colonia Campestre Potrero, en Iztapalapa, para apoyar a las y los habitantes con la entrega de cobijas, vacunaci\u00f3n, venta de alimentos a bajo costo, impresi\u00f3n gratuita de actas de nacimiento, entre otros servicios ofrecidos por las diferentes dependencias del gobierno capitalino.<br><\/p>\n\n\n\n<p>En el Centro de Cultura Ambiental Yautlica (CCA), la coordinadora general de Inclusi\u00f3n Social de la Secretar\u00eda de Bienestar e Igualdad Social (SEBIEN), Lidia Rodr\u00edguez Ch\u00e1vez, resalt\u00f3 que el objetivo de la feria es acercar los servicios del gobierno a las zonas m\u00e1s alejadas.<br><\/p>\n\n\n\n<p>La coordinadora del programa Del Campo a la Ciudad, Maritza Rangel Garc\u00eda, record\u00f3 que la jefa de Gobierno, Clara Brugada Molina, inici\u00f3 este programa hace 20 a\u00f1os en la colonia San Miguel Teotongo, para apoyar la econom\u00eda y el derecho a la alimentaci\u00f3n.<br><\/p>\n\n\n\n<p>La directora del programa Ponte Pila, de PILARES, Ameyali S\u00e1nchez Meza, invit\u00f3 a las y los asistentes a inscribirse en el reto de activaci\u00f3n f\u00edsica y caminata por un mes para mejorar la salud.<br><\/p>\n\n\n\n<p>Las autoridades encabezaron la entrega simb\u00f3lica de 5 mil cobijas en esta ocasi\u00f3n. Entre las beneficiarias estuvo la se\u00f1ora Ana Garc\u00eda Hern\u00e1ndez, de la colonia San Miguel Teotongo, quien dijo que los cobertores son muy \u00fatiles en la temporada invernal y reconoci\u00f3 la labor de la Jefa de Gobierno por acercar una amplia gama de servicios.<br><\/p>\n\n\n\n<p>Otro de los apoyos de la feria consisti\u00f3 en la entrega, por parte de la SEBIEN, de bastones y sillas de ruedas a personas con discapacidad y movilidad reducida, como fue el caso de la se\u00f1ora Mar\u00eda Guadalupe L\u00f3pez S\u00e1nchez, de la colonia Campestre Potrero.<br><\/p>\n\n\n\n<p>La Feria del Bienestar incluy\u00f3 vacunaci\u00f3n contra influenza y t\u00e9tanos, pruebas r\u00e1pidas de VIH, medici\u00f3n de glucosa y presi\u00f3n arterial, por parte la Secretar\u00eda de Salud capitalina; actas gratuitas de nacimiento, matrimonio y defunci\u00f3n, de la Consejer\u00eda Jur\u00eddica y de Servicios Legales; informaci\u00f3n sobre la L\u00ednea SOS Mujeres *765, de la Secretar\u00eda de las Mujeres; gel antibacterial, cubrebocas, as\u00ed como actividades l\u00fadicas para ni\u00f1as y ni\u00f1os, por conducto del DIF local.<br><\/p>\n\n\n\n<p>Asimismo, informaci\u00f3n de las Utop\u00edas sobre los servicios de atenci\u00f3n a personas usuarias de sustancias psicoactivas y sus familias, rehabilitaci\u00f3n f\u00edsica y de lenguaje y casa de d\u00eda del adulto mayor; un planetario m\u00f3vil de la Secretar\u00eda de Educaci\u00f3n, Ciencia, Tecnolog\u00eda e Innovaci\u00f3n; rutinas de box y activaci\u00f3n f\u00edsica de Ponte Pila e informaci\u00f3n sobre la biodiversidad de la zona, por parte del CCA Yautlica, de la Secretar\u00eda del Medio Ambiente.<\/p>\n","protected":false},"excerpt":{"rendered":"<p>La directora del programa Ponte Pila, de PILARES, Ameyali S\u00e1nchez Meza, invit\u00f3 a las y los asistentes a inscribirse en el reto de activaci\u00f3n f\u00edsica y caminata por un mes para mejorar la salud. La Feria del Bienestar \u201cLa Ciudad te Cuida y en Invierno te Cobija\u201d lleg\u00f3 a la colonia Campestre Potrero, en Iztapalapa, [&hellip;]<\/p>\n","protected":false},"author":1,"featured_media":73685,"comment_status":"closed","ping_status":"closed","sticky":false,"template":"","format":"standard","meta":{"footnotes":""},"categories":[35,30],"tags":[],"class_list":["post-73684","post","type-post","status-publish","format-standard","has-post-thumbnail","hentry","category-cdmx","category-destacado"],"_links":{"self":[{"href":"https:\/\/elinformante.mx\/index.php?rest_route=\/wp\/v2\/posts\/73684","targetHints":{"allow":["GET"]}}],"collection":[{"href":"https:\/\/elinformante.mx\/index.php?rest_route=\/wp\/v2\/posts"}],"about":[{"href":"https:\/\/elinformante.mx\/index.php?rest_route=\/wp\/v2\/types\/post"}],"author":[{"embeddable":true,"href":"https:\/\/elinformante.mx\/index.php?rest_route=\/wp\/v2\/users\/1"}],"replies":[{"embeddable":true,"href":"https:\/\/elinformante.mx\/index.php?rest_route=%2Fwp%2Fv2%2Fcomments&post=73684"}],"version-history":[{"count":0,"href":"https:\/\/elinformante.mx\/index.php?rest_route=\/wp\/v2\/posts\/73684\/revisions"}],"wp:featuredmedia":[{"embeddable":true,"href":"https:\/\/elinformante.mx\/index.php?rest_route=\/wp\/v2\/media\/73685"}],"wp:attachment":[{"href":"https:\/\/elinformante.mx\/index.php?rest_route=%2Fwp%2Fv2%2Fmedia&parent=73684"}],"wp:term":[{"taxonomy":"category","embeddable":true,"href":"https:\/\/elinformante.mx\/index.php?rest_route=%2Fwp%2Fv2%2Fcategories&post=73684"},{"taxonomy":"post_tag","embeddable":true,"href":"https:\/\/elinformante.mx\/index.php?rest_route=%2Fwp%2Fv2%2Ftags&post=73684"}],"curies":[{"name":"wp","href":"https:\/\/api.w.org\/{rel}","templated":true}]}}