{"id":73700,"date":"2025-01-21T07:11:17","date_gmt":"2025-01-21T13:11:17","guid":{"rendered":"https:\/\/elinformante.mx\/?p=73700"},"modified":"2025-01-21T07:11:18","modified_gmt":"2025-01-21T13:11:18","slug":"hospital-del-imss-en-matamoros-se-incendia","status":"publish","type":"post","link":"https:\/\/elinformante.mx\/?p=73700","title":{"rendered":"Hospital del IMSS en Matamoros se incendia"},"content":{"rendered":"\n<figure class=\"wp-block-pullquote\"><blockquote><p>Tuvieron que trasladar a 140 pacientes a cl\u00ednicas del ISSSTE y a otros nosocomios en medio de la noche fr\u00eda.<\/p><\/blockquote><\/figure>\n\n\n\n<p class=\"has-drop-cap\">En la madrugada del lunes el hospital del IMSS en Matamoros se incendi\u00f3 por una falla en el s\u00f3tano. El instituto se\u00f1al\u00f3 que la Unidad Interna de Protecci\u00f3n Civil identific\u00f3 humo en el s\u00f3tano y que activ\u00f3 de inmediato los protocolos de Protecci\u00f3n Civil del Hospital.<br><\/p>\n\n\n\n<p>Apunt\u00f3 que los pacientes y personal fueron reubicados en otras \u00e1reas de la unidad y los que lo requirieron fueron trasladados a otras unidades.<br><\/p>\n\n\n\n<p>Agradecieron a la r\u00e1pida intervenci\u00f3n inmediata de la brigada institucional de Protecci\u00f3n Civil, con apoyo de elementos del H. cuerpo de Bomberos pudieron controlar el evento con \u00e9xito y que autoridades del \u00d3rgano de Operaci\u00f3n Administrativa Desconcentrada (OOAD) en la entidad se encuentran en el lugar para dirigir las acciones de atenci\u00f3n, traslado de los pacientes y revisi\u00f3n del inmueble.<br><\/p>\n\n\n\n<p>Alrededor de 140 pacientes, entre los que hab\u00eda reci\u00e9n nacidos, fueron trasladados a otras cl\u00ednicas debido a que el humo se expandi\u00f3 por todas las \u00e1reas causando dificultades para respirar.<br><\/p>\n\n\n\n<p>El alcalde matamorense, Alberto Granados Favila, asegur\u00f3 que no hubo ninguna v\u00edctima mortal, en el hecho que comenz\u00f3 por una lavadora instalada en el \u00e1rea m\u00e1s baja del hospital. El pol\u00edtico sostuvo que no hay reportes de v\u00edctimas mortales.<br><\/p>\n\n\n\n<p>Los bomberos, polic\u00edas, tr\u00e1nsito y personal de la Fiscal\u00eda General de Justicia (FGJ) de Tamaulipas ayudaron para movilizar a las personas que estaban internadas en el nosocomio ubicado en la avenida Sexta esquina con calle Mina.<br><\/p>\n\n\n\n<p>El desalojo del hospital del IMSS se dio en condiciones climatol\u00f3gicas adversas, ya que la sensaci\u00f3n t\u00e9rmica de dos grados impidi\u00f3 que las personas enfermas estuvieran en la calle y estacionamiento del edificio.<br><\/p>\n\n\n\n<p>Los hospitales del ISSSTE y el general \u201cAlfredo Pumarejo\u201d recibieron a parte de los pacientes, mencion\u00f3 Granados Favila.<\/p>\n\n\n\n<p><\/p>\n","protected":false},"excerpt":{"rendered":"<p>Tuvieron que trasladar a 140 pacientes a cl\u00ednicas del ISSSTE y a otros nosocomios en medio de la noche fr\u00eda. En la madrugada del lunes el hospital del IMSS en Matamoros se incendi\u00f3 por una falla en el s\u00f3tano. El instituto se\u00f1al\u00f3 que la Unidad Interna de Protecci\u00f3n Civil identific\u00f3 humo en el s\u00f3tano y [&hellip;]<\/p>\n","protected":false},"author":1,"featured_media":73701,"comment_status":"closed","ping_status":"closed","sticky":false,"template":"","format":"standard","meta":{"footnotes":""},"categories":[34],"tags":[],"class_list":["post-73700","post","type-post","status-publish","format-standard","has-post-thumbnail","hentry","category-nacional"],"_links":{"self":[{"href":"https:\/\/elinformante.mx\/index.php?rest_route=\/wp\/v2\/posts\/73700","targetHints":{"allow":["GET"]}}],"collection":[{"href":"https:\/\/elinformante.mx\/index.php?rest_route=\/wp\/v2\/posts"}],"about":[{"href":"https:\/\/elinformante.mx\/index.php?rest_route=\/wp\/v2\/types\/post"}],"author":[{"embeddable":true,"href":"https:\/\/elinformante.mx\/index.php?rest_route=\/wp\/v2\/users\/1"}],"replies":[{"embeddable":true,"href":"https:\/\/elinformante.mx\/index.php?rest_route=%2Fwp%2Fv2%2Fcomments&post=73700"}],"version-history":[{"count":0,"href":"https:\/\/elinformante.mx\/index.php?rest_route=\/wp\/v2\/posts\/73700\/revisions"}],"wp:featuredmedia":[{"embeddable":true,"href":"https:\/\/elinformante.mx\/index.php?rest_route=\/wp\/v2\/media\/73701"}],"wp:attachment":[{"href":"https:\/\/elinformante.mx\/index.php?rest_route=%2Fwp%2Fv2%2Fmedia&parent=73700"}],"wp:term":[{"taxonomy":"category","embeddable":true,"href":"https:\/\/elinformante.mx\/index.php?rest_route=%2Fwp%2Fv2%2Fcategories&post=73700"},{"taxonomy":"post_tag","embeddable":true,"href":"https:\/\/elinformante.mx\/index.php?rest_route=%2Fwp%2Fv2%2Ftags&post=73700"}],"curies":[{"name":"wp","href":"https:\/\/api.w.org\/{rel}","templated":true}]}}