{"id":73706,"date":"2025-01-21T07:17:56","date_gmt":"2025-01-21T13:17:56","guid":{"rendered":"https:\/\/elinformante.mx\/?p=73706"},"modified":"2025-01-21T07:17:58","modified_gmt":"2025-01-21T13:17:58","slug":"se-proyecta-cancun-al-mundo-desde-el-hotel-riu-plaza-espana","status":"publish","type":"post","link":"https:\/\/elinformante.mx\/?p=73706","title":{"rendered":"Se proyecta Canc\u00fan al mundo desde el hotel Riu Plaza Espa\u00f1a"},"content":{"rendered":"\n<figure class=\"wp-block-pullquote\"><blockquote><p>En FITUR 2025, Mara Lezama y Ana Paty Peralta develaron las letras de CANC\u00daN en el hotel Riu Plaza Espa\u00f1a, un referente tur\u00edstico en Madrid<\/p><\/blockquote><\/figure>\n\n\n\n<p class=\"has-drop-cap\">Desde hoy las letras de \u201cCANCUN\u201d son visibles en el mirador del hotel Riu Plaza Espa\u00f1a, un icono de la ciudad que atrae a miles de turistas al d\u00eda de todo mundo y que fueron develadas por la gobernadora Mara Lezama Espinosa con la presencia de Carlos Jos\u00e9 Viru\u00e9 Palacios, director de Coop\u00b4s, y Joan Trian Riu, consejero directivo de RIU Hoteles &amp; Resort y la presidenta municipal de Benito Ju\u00e1rez, Ana Paty Peralta de la Pe\u00f1a.<br><\/p>\n\n\n\n<p>Como parte de la agenda de actividades en la Feria Internacional de Turismo (FITUR) 2025, se develaron las letras con el nombre de Canc\u00fan \u201cque en cualquier parte del mundo se sabe inmediatamente que hablamos de un gigante tur\u00edstico\u201d, dijo la gobernadora de Quintana Roo.<br><\/p>\n\n\n\n<p>Mara Lezama destac\u00f3 el servicio y la calidad de la atenci\u00f3n de las y los trabajadores de la industria tur\u00edstica, camaristas, chefs, ayudantes de cocina, se esfuerzan todos los d\u00edas para dar las mejores experiencias que los hagan volver.<br><\/p>\n\n\n\n<p>Con la presencia de la presidenta municipal de Benito Ju\u00e1rez, Ana Paty Peralta de la Pe\u00f1a, la titular del Ejecutivo record\u00f3 que, con cerca de 100 hoteles en 21 pa\u00edses, m\u00e1s de 35 mil colaboradores y colaboradoras, m\u00e1s de 50 mil habitaciones de hotel y m\u00e1s de 6.5 millones de visitantes por a\u00f1o, Riu es un referente del turismo, no solamente en Quintana Roo sino en el mundo, con instalaciones bien cuidadas y estricto control de calidad.<br><\/p>\n\n\n\n<p>Tan solo en Quintana Roo, Mara Lezama dijo que se encuentran 14 de esos casi 100 hoteles, con poco m\u00e1s de 6 mil 900 habitaciones y actualmente se encuentra en construcci\u00f3n el nuevo hotel Riu El Pueblito, en la zona hotelera de Canc\u00fan con 700 habitaciones.<br><\/p>\n\n\n\n<p>Desde hoy, el emblem\u00e1tico pasillo de cristal del Riu Plaza Espa\u00f1a contar\u00e1 con la presencia de Canc\u00fan, y que adem\u00e1s busca inspirar a m\u00e1s visitantes a explorar los 12 destinos consolidados de Quintana Roo.<\/p>\n","protected":false},"excerpt":{"rendered":"<p>En FITUR 2025, Mara Lezama y Ana Paty Peralta develaron las letras de CANC\u00daN en el hotel Riu Plaza Espa\u00f1a, un referente tur\u00edstico en Madrid Desde hoy las letras de \u201cCANCUN\u201d son visibles en el mirador del hotel Riu Plaza Espa\u00f1a, un icono de la ciudad que atrae a miles de turistas al d\u00eda de [&hellip;]<\/p>\n","protected":false},"author":1,"featured_media":73707,"comment_status":"closed","ping_status":"closed","sticky":false,"template":"","format":"standard","meta":{"footnotes":""},"categories":[30,34],"tags":[],"class_list":["post-73706","post","type-post","status-publish","format-standard","has-post-thumbnail","hentry","category-destacado","category-nacional"],"_links":{"self":[{"href":"https:\/\/elinformante.mx\/index.php?rest_route=\/wp\/v2\/posts\/73706","targetHints":{"allow":["GET"]}}],"collection":[{"href":"https:\/\/elinformante.mx\/index.php?rest_route=\/wp\/v2\/posts"}],"about":[{"href":"https:\/\/elinformante.mx\/index.php?rest_route=\/wp\/v2\/types\/post"}],"author":[{"embeddable":true,"href":"https:\/\/elinformante.mx\/index.php?rest_route=\/wp\/v2\/users\/1"}],"replies":[{"embeddable":true,"href":"https:\/\/elinformante.mx\/index.php?rest_route=%2Fwp%2Fv2%2Fcomments&post=73706"}],"version-history":[{"count":0,"href":"https:\/\/elinformante.mx\/index.php?rest_route=\/wp\/v2\/posts\/73706\/revisions"}],"wp:featuredmedia":[{"embeddable":true,"href":"https:\/\/elinformante.mx\/index.php?rest_route=\/wp\/v2\/media\/73707"}],"wp:attachment":[{"href":"https:\/\/elinformante.mx\/index.php?rest_route=%2Fwp%2Fv2%2Fmedia&parent=73706"}],"wp:term":[{"taxonomy":"category","embeddable":true,"href":"https:\/\/elinformante.mx\/index.php?rest_route=%2Fwp%2Fv2%2Fcategories&post=73706"},{"taxonomy":"post_tag","embeddable":true,"href":"https:\/\/elinformante.mx\/index.php?rest_route=%2Fwp%2Fv2%2Ftags&post=73706"}],"curies":[{"name":"wp","href":"https:\/\/api.w.org\/{rel}","templated":true}]}}