{"id":73712,"date":"2025-01-21T07:28:14","date_gmt":"2025-01-21T13:28:14","guid":{"rendered":"https:\/\/elinformante.mx\/?p=73712"},"modified":"2025-01-21T07:28:16","modified_gmt":"2025-01-21T13:28:16","slug":"senado-respalda-a-sheinbaum-ante-medidas-anunciadas-por-trump-fernandez-norona","status":"publish","type":"post","link":"https:\/\/elinformante.mx\/?p=73712","title":{"rendered":"Senado respalda a Sheinbaum ante medidas anunciadas por Trump: Fern\u00e1ndez Noro\u00f1a"},"content":{"rendered":"\n<figure class=\"wp-block-pullquote\"><blockquote><p>No vamos a ceder ni un mil\u00edmetro en la defensa de nuestra soberan\u00eda y de nuestro pueblo: Gerardo Fern\u00e1ndez Noro\u00f1a<\/p><\/blockquote><\/figure>\n\n\n\n<p class=\"has-drop-cap\">El presidente del Senado de la Rep\u00fablica, Gerardo Fern\u00e1ndez Noro\u00f1a, respald\u00f3 a la presidenta de M\u00e9xico, Claudia Sheinbaum Pardo, para establecer una relaci\u00f3n de coordinaci\u00f3n, colaboraci\u00f3n y amistad con el pueblo y gobierno de Estados Unidos, pero sin subordinaci\u00f3n, porque somos una naci\u00f3n independiente y soberana, y no vamos a ceder ni un mil\u00edmetro en la defensa de nuestra soberan\u00eda y de nuestro pueblo.<br><\/p>\n\n\n\n<p>Asegur\u00f3 que la C\u00e1mara de Senadores mantendr\u00e1 una coordinaci\u00f3n estrecha con la titular del Poder Ejecutivo Federal, para responder a las medidas que ha anunciado el presidente estadounidense, Donald Trump.<br><\/p>\n\n\n\n<p>Fern\u00e1ndez Noro\u00f1a se sum\u00f3 al llamado a la unidad que hizo la presidenta de M\u00e9xico en torno a nuestro gobierno y a nuestro pueblo, porque es fundamental.<br><\/p>\n\n\n\n<p>Se\u00f1al\u00f3 que son voces aisladas de la oposici\u00f3n las que han expresado su benepl\u00e1cito frente a las pol\u00edticas anunciadas por el nuevo gobierno en la Uni\u00f3n Americana.<br><\/p>\n\n\n\n<p>Gerardo Fern\u00e1ndez Noro\u00f1a consider\u00f3 que el anuncio que hizo la presidenta de M\u00e9xico sobre un plan de desarrollo econ\u00f3mico con la iniciativa privada fue important\u00edsimo, porque las empresarias y empresarios mexicanos est\u00e1n muy claros en que medidas como las que anuncia el presidente del vecino pa\u00eds del norte son contrarias al desarrollo econ\u00f3mico de ambos pa\u00edses.<br><\/p>\n\n\n\n<p>El presidente del Senado record\u00f3 que en campa\u00f1a Donald Trump dijo que tomar\u00eda decisiones delicadas como la de declarar una situaci\u00f3n de emergencia en la frontera sur, lo cual implica suspender todos los procedimientos legales a las que est\u00e1n obligadas las autoridades de Estados Unidos para el trato a los migrantes y, por lo tanto, podr\u00edan violar flagrantemente los derechos humanos.<br><\/p>\n\n\n\n<p>Tambi\u00e9n el presidente de ese pa\u00eds insisti\u00f3 en determinar que los grupos del narcotr\u00e1fico son terroristas, porque con esta figura han justificado la intervenci\u00f3n militar en otros pa\u00edses.<br><\/p>\n\n\n\n<p>\u201cNo lo vamos a aceptar de ninguna manera, si Estados Unidos quiere resolver el problema de la droga, deber\u00eda empezar por su territorio, as\u00ed es que rechazamos cualquier posibilidad de intervenci\u00f3n militar en nuestra patria\u201d, destac\u00f3.<br><\/p>\n\n\n\n<p>En cuanto a la expulsi\u00f3n de migrantes, se\u00f1al\u00f3 que el gobierno de M\u00e9xico est\u00e1 preparado para asumir las deportaciones que se lleven a cabo, ya que se implementar\u00e1 una cobertura de seguridad social impresionante.<\/p>\n","protected":false},"excerpt":{"rendered":"<p>No vamos a ceder ni un mil\u00edmetro en la defensa de nuestra soberan\u00eda y de nuestro pueblo: Gerardo Fern\u00e1ndez Noro\u00f1a El presidente del Senado de la Rep\u00fablica, Gerardo Fern\u00e1ndez Noro\u00f1a, respald\u00f3 a la presidenta de M\u00e9xico, Claudia Sheinbaum Pardo, para establecer una relaci\u00f3n de coordinaci\u00f3n, colaboraci\u00f3n y amistad con el pueblo y gobierno de Estados [&hellip;]<\/p>\n","protected":false},"author":1,"featured_media":73713,"comment_status":"closed","ping_status":"closed","sticky":false,"template":"","format":"standard","meta":{"footnotes":""},"categories":[30,34,31],"tags":[],"class_list":["post-73712","post","type-post","status-publish","format-standard","has-post-thumbnail","hentry","category-destacado","category-nacional","category-portada"],"_links":{"self":[{"href":"https:\/\/elinformante.mx\/index.php?rest_route=\/wp\/v2\/posts\/73712","targetHints":{"allow":["GET"]}}],"collection":[{"href":"https:\/\/elinformante.mx\/index.php?rest_route=\/wp\/v2\/posts"}],"about":[{"href":"https:\/\/elinformante.mx\/index.php?rest_route=\/wp\/v2\/types\/post"}],"author":[{"embeddable":true,"href":"https:\/\/elinformante.mx\/index.php?rest_route=\/wp\/v2\/users\/1"}],"replies":[{"embeddable":true,"href":"https:\/\/elinformante.mx\/index.php?rest_route=%2Fwp%2Fv2%2Fcomments&post=73712"}],"version-history":[{"count":0,"href":"https:\/\/elinformante.mx\/index.php?rest_route=\/wp\/v2\/posts\/73712\/revisions"}],"wp:featuredmedia":[{"embeddable":true,"href":"https:\/\/elinformante.mx\/index.php?rest_route=\/wp\/v2\/media\/73713"}],"wp:attachment":[{"href":"https:\/\/elinformante.mx\/index.php?rest_route=%2Fwp%2Fv2%2Fmedia&parent=73712"}],"wp:term":[{"taxonomy":"category","embeddable":true,"href":"https:\/\/elinformante.mx\/index.php?rest_route=%2Fwp%2Fv2%2Fcategories&post=73712"},{"taxonomy":"post_tag","embeddable":true,"href":"https:\/\/elinformante.mx\/index.php?rest_route=%2Fwp%2Fv2%2Ftags&post=73712"}],"curies":[{"name":"wp","href":"https:\/\/api.w.org\/{rel}","templated":true}]}}