{"id":73715,"date":"2025-01-21T07:32:02","date_gmt":"2025-01-21T13:32:02","guid":{"rendered":"https:\/\/elinformante.mx\/?p=73715"},"modified":"2025-01-21T07:32:04","modified_gmt":"2025-01-21T13:32:04","slug":"peso-mexicano-cae-tras-anunciar-eeuu-aranceles-para-mexico","status":"publish","type":"post","link":"https:\/\/elinformante.mx\/?p=73715","title":{"rendered":"PESO MEXICANO CAE TRAS ANUNCIAR EEUU ARANCELES PARA M\u00c9XICO"},"content":{"rendered":"\n<figure class=\"wp-block-pullquote\"><blockquote><p>La amenaza de las tarifas ha mantenido presionado al peso desde el triunfo electoral de Trump en noviembre, debido al temor de su impacto en la econom\u00eda mexicana.<\/p><\/blockquote><\/figure>\n\n\n\n<p class=\"has-drop-cap\">En intercambio de preguntas y respuestas con reporteros desde el despacho Oval, el presidente de Estados Unidos, Donald Trump, dijo que est\u00e1 pensando en imponer aranceles del 25% a las importaciones de Canad\u00e1 y M\u00e9xico, el republicano agreg\u00f3 que la medida podr\u00eda llegar el 1 de febrero.<br><\/p>\n\n\n\n<figure class=\"wp-block-image size-large\"><img fetchpriority=\"high\" decoding=\"async\" width=\"1024\" height=\"506\" src=\"https:\/\/elinformante.mx\/wp-content\/uploads\/2025\/01\/9PESO-2-1-1024x506.jpg\" alt=\"\" class=\"wp-image-73718\" srcset=\"https:\/\/elinformante.mx\/wp-content\/uploads\/2025\/01\/9PESO-2-1-1024x506.jpg 1024w, https:\/\/elinformante.mx\/wp-content\/uploads\/2025\/01\/9PESO-2-1-300x148.jpg 300w, https:\/\/elinformante.mx\/wp-content\/uploads\/2025\/01\/9PESO-2-1-768x379.jpg 768w, https:\/\/elinformante.mx\/wp-content\/uploads\/2025\/01\/9PESO-2-1.jpg 1140w\" sizes=\"(max-width: 1024px) 100vw, 1024px\" \/><\/figure>\n\n\n\n<p>Se\u00f1al\u00f3 que hab\u00eda hablado el lunes con el primer ministro canadiense, Justin Trudeau. Donald Trump afirm\u00f3 que M\u00e9xico y Canad\u00e1 est\u00e1n permitiendo que muchas personas crucen la frontera, as\u00ed como el fentanilo.<br><\/p>\n\n\n\n<p>El peso mexicano se depreciaba la tarde del lunes, despu\u00e9s de que el presidente de Estados Unidos, Donald Trump, dijo que estaba pensando en imponer aranceles del 25% a las importaciones de Canad\u00e1 y M\u00e9xico.<br><\/p>\n\n\n\n<figure class=\"wp-block-image size-large\"><img decoding=\"async\" width=\"1024\" height=\"506\" src=\"https:\/\/elinformante.mx\/wp-content\/uploads\/2025\/01\/9PESO-3-1024x506.jpg\" alt=\"\" class=\"wp-image-73719\" srcset=\"https:\/\/elinformante.mx\/wp-content\/uploads\/2025\/01\/9PESO-3-1024x506.jpg 1024w, https:\/\/elinformante.mx\/wp-content\/uploads\/2025\/01\/9PESO-3-300x148.jpg 300w, https:\/\/elinformante.mx\/wp-content\/uploads\/2025\/01\/9PESO-3-768x379.jpg 768w, https:\/\/elinformante.mx\/wp-content\/uploads\/2025\/01\/9PESO-3.jpg 1140w\" sizes=\"(max-width: 1024px) 100vw, 1024px\" \/><\/figure>\n\n\n\n<p>La moneda, que opera las 24 horas del d\u00eda en los mercados globales, cotizaba en 20.7350 por d\u00f3lar, con una p\u00e9rdida de un 1.27%, revirtiendo gran parte del avance que mostr\u00f3 durante la sesi\u00f3n regular.<br><\/p>\n\n\n\n<p>\u201cPor lo que estamos viendo, aparentemente vamos a estar en un periodo en que los comentarios de Trump van a estar generando fuertes movimientos en el tipo de cambio\u201d, dijo Enrique Bazald\u00faa, operador independiente del mercado de divisas.<br><\/p>\n\n\n\n<figure class=\"wp-block-image size-large\"><img decoding=\"async\" width=\"1024\" height=\"506\" src=\"https:\/\/elinformante.mx\/wp-content\/uploads\/2025\/01\/9PESO-4-1024x506.jpg\" alt=\"\" class=\"wp-image-73720\" srcset=\"https:\/\/elinformante.mx\/wp-content\/uploads\/2025\/01\/9PESO-4-1024x506.jpg 1024w, https:\/\/elinformante.mx\/wp-content\/uploads\/2025\/01\/9PESO-4-300x148.jpg 300w, https:\/\/elinformante.mx\/wp-content\/uploads\/2025\/01\/9PESO-4-768x379.jpg 768w, https:\/\/elinformante.mx\/wp-content\/uploads\/2025\/01\/9PESO-4.jpg 1140w\" sizes=\"(max-width: 1024px) 100vw, 1024px\" \/><\/figure>\n\n\n\n<p>La amenaza de las tarifas ha mantenido presionado al peso desde el triunfo electoral de Trump en noviembre, debido al temor de su impacto en la econom\u00eda mexicana, que env\u00eda casi un 85% de sus exportaciones a su vecino del norte y especialistas creen que hacia adelante la moneda podr\u00eda seguir debilit\u00e1ndose.<br><\/p>\n\n\n\n<p>\u201cMientras el precio contin\u00fae manteniendo arriba de 20.54 por d\u00f3lar, esperar\u00edamos que en el corto plazo alcance las 20.93 unidades y no descarto para nada que llegue a tocar los 21 pesos en los pr\u00f3ximos d\u00edas\u201d, agreg\u00f3 Bazald\u00faa.<\/p>\n","protected":false},"excerpt":{"rendered":"<p>La amenaza de las tarifas ha mantenido presionado al peso desde el triunfo electoral de Trump en noviembre, debido al temor de su impacto en la econom\u00eda mexicana. En intercambio de preguntas y respuestas con reporteros desde el despacho Oval, el presidente de Estados Unidos, Donald Trump, dijo que est\u00e1 pensando en imponer aranceles del [&hellip;]<\/p>\n","protected":false},"author":1,"featured_media":73717,"comment_status":"closed","ping_status":"closed","sticky":false,"template":"","format":"standard","meta":{"footnotes":""},"categories":[30,34,31],"tags":[47],"class_list":["post-73715","post","type-post","status-publish","format-standard","has-post-thumbnail","hentry","category-destacado","category-nacional","category-portada","tag-portadanacional"],"_links":{"self":[{"href":"https:\/\/elinformante.mx\/index.php?rest_route=\/wp\/v2\/posts\/73715","targetHints":{"allow":["GET"]}}],"collection":[{"href":"https:\/\/elinformante.mx\/index.php?rest_route=\/wp\/v2\/posts"}],"about":[{"href":"https:\/\/elinformante.mx\/index.php?rest_route=\/wp\/v2\/types\/post"}],"author":[{"embeddable":true,"href":"https:\/\/elinformante.mx\/index.php?rest_route=\/wp\/v2\/users\/1"}],"replies":[{"embeddable":true,"href":"https:\/\/elinformante.mx\/index.php?rest_route=%2Fwp%2Fv2%2Fcomments&post=73715"}],"version-history":[{"count":0,"href":"https:\/\/elinformante.mx\/index.php?rest_route=\/wp\/v2\/posts\/73715\/revisions"}],"wp:featuredmedia":[{"embeddable":true,"href":"https:\/\/elinformante.mx\/index.php?rest_route=\/wp\/v2\/media\/73717"}],"wp:attachment":[{"href":"https:\/\/elinformante.mx\/index.php?rest_route=%2Fwp%2Fv2%2Fmedia&parent=73715"}],"wp:term":[{"taxonomy":"category","embeddable":true,"href":"https:\/\/elinformante.mx\/index.php?rest_route=%2Fwp%2Fv2%2Fcategories&post=73715"},{"taxonomy":"post_tag","embeddable":true,"href":"https:\/\/elinformante.mx\/index.php?rest_route=%2Fwp%2Fv2%2Ftags&post=73715"}],"curies":[{"name":"wp","href":"https:\/\/api.w.org\/{rel}","templated":true}]}}