{"id":73723,"date":"2025-01-21T16:47:33","date_gmt":"2025-01-21T22:47:33","guid":{"rendered":"https:\/\/elinformante.mx\/?p=73723"},"modified":"2025-01-21T16:47:35","modified_gmt":"2025-01-21T22:47:35","slug":"sheinbaum-responde-a-las-medidas-de-trump","status":"publish","type":"post","link":"https:\/\/elinformante.mx\/?p=73723","title":{"rendered":"SHEINBAUM RESPONDE A LAS\u00a0 MEDIDAS DE TRUMP"},"content":{"rendered":"\n<p>En la conferencia matutina de este d\u00eda, la presidenta de M\u00e9xico, Claudia Sheinbaum Pardo, indic\u00f3 que el pueblo de M\u00e9xico debe tener la certeza de que \u201csiempre vamos a defender nuestra soberan\u00eda\u201d, esto ante los decretos que firm\u00f3 ayer el presidente de EU, Donald Trump.\u00a0\u00a0<\/p>\n\n\n\n<p>Sheinbaum, dijo \u201cEllos pueden actuar en su territorio en su marco de actuaci\u00f3n, nosotros lo que decimos: La defensa de nuestra soberan\u00eda e independencia lo que vamos a buscar es la coordinaci\u00f3n, como dice Marco Rubio, eso es lo que vamos a buscar nosotros, la coordinaci\u00f3n en materia de seguridad con respecto a nuestra soberan\u00eda\u201d.<\/p>\n","protected":false},"excerpt":{"rendered":"<p>En la conferencia matutina de este d\u00eda, la presidenta de M\u00e9xico, Claudia Sheinbaum Pardo, indic\u00f3 que el pueblo de M\u00e9xico debe tener la certeza de que \u201csiempre vamos a defender nuestra soberan\u00eda\u201d, esto ante los decretos que firm\u00f3 ayer el presidente de EU, Donald Trump.\u00a0\u00a0 Sheinbaum, dijo \u201cEllos pueden actuar en su territorio en su [&hellip;]<\/p>\n","protected":false},"author":2,"featured_media":73724,"comment_status":"closed","ping_status":"closed","sticky":false,"template":"","format":"standard","meta":{"footnotes":""},"categories":[33],"tags":[],"class_list":["post-73723","post","type-post","status-publish","format-standard","has-post-thumbnail","hentry","category-mundo"],"_links":{"self":[{"href":"https:\/\/elinformante.mx\/index.php?rest_route=\/wp\/v2\/posts\/73723","targetHints":{"allow":["GET"]}}],"collection":[{"href":"https:\/\/elinformante.mx\/index.php?rest_route=\/wp\/v2\/posts"}],"about":[{"href":"https:\/\/elinformante.mx\/index.php?rest_route=\/wp\/v2\/types\/post"}],"author":[{"embeddable":true,"href":"https:\/\/elinformante.mx\/index.php?rest_route=\/wp\/v2\/users\/2"}],"replies":[{"embeddable":true,"href":"https:\/\/elinformante.mx\/index.php?rest_route=%2Fwp%2Fv2%2Fcomments&post=73723"}],"version-history":[{"count":0,"href":"https:\/\/elinformante.mx\/index.php?rest_route=\/wp\/v2\/posts\/73723\/revisions"}],"wp:featuredmedia":[{"embeddable":true,"href":"https:\/\/elinformante.mx\/index.php?rest_route=\/wp\/v2\/media\/73724"}],"wp:attachment":[{"href":"https:\/\/elinformante.mx\/index.php?rest_route=%2Fwp%2Fv2%2Fmedia&parent=73723"}],"wp:term":[{"taxonomy":"category","embeddable":true,"href":"https:\/\/elinformante.mx\/index.php?rest_route=%2Fwp%2Fv2%2Fcategories&post=73723"},{"taxonomy":"post_tag","embeddable":true,"href":"https:\/\/elinformante.mx\/index.php?rest_route=%2Fwp%2Fv2%2Ftags&post=73723"}],"curies":[{"name":"wp","href":"https:\/\/api.w.org\/{rel}","templated":true}]}}