{"id":73742,"date":"2025-01-22T06:07:27","date_gmt":"2025-01-22T12:07:27","guid":{"rendered":"https:\/\/elinformante.mx\/?p=73742"},"modified":"2025-01-22T06:07:28","modified_gmt":"2025-01-22T12:07:28","slug":"remonta-el-barca-ante-el-benfica","status":"publish","type":"post","link":"https:\/\/elinformante.mx\/?p=73742","title":{"rendered":"Remonta el Bar\u00e7a ante el Benfica"},"content":{"rendered":"\n<figure class=\"wp-block-pullquote\"><blockquote><p>En un juego de locura, el conjunto cul\u00e9 logr\u00f3 imponerse 5-4 al Benfica en la pen\u00faltima jornada de la Champions League<\/p><\/blockquote><\/figure>\n\n\n\n<p class=\"has-drop-cap\">Una aut\u00e9ntica monta\u00f1a rusa de emociones fue el que vivi\u00f3 el conjunto del Barcelona en su visita a Lisboa, donde termin\u00f3 remontando de forma \u00e9pica e imponi\u00e9ndose por 5-4 sobre el Benfica en la pen\u00faltima jornada de la fase de liga de la renovada Champions League, casi asegurando su lugar en los octavos de final del m\u00e1ximo torneo continental.<br><\/p>\n\n\n\n<p>Con 18 puntos cosechados al momento, el Bar\u00e7a se mantiene en segunda posici\u00f3n de la liga de grupo \u00fanico, cuyos ocho primeros clasificados acceden directamente a octavos de la m\u00e1xima competici\u00f3n europea, donde se medir\u00e1n con los supervivientes de un play-off a disputar entre los equipos entre los puestos 9 y 24.<br><\/p>\n\n\n\n<p>Bajo la lluvia en el Estadio Da Luz, de infausto recuerdo para el Bar\u00e7a desde el 8-2 recibido en Champions ante el Bayern M\u00fanich (de Hansi Flick) en 2020, el conjunto local se adelant\u00f3 tras un centro raso lateral del espa\u00f1ol \u00c1lvaro Carreras que remat\u00f3 de primera con la zurda Vangelis Pavlidis ganado la partida a Pau Cubars\u00ed y colando el bal\u00f3n justo por debajo del travesa\u00f1o (2).<br><\/p>\n\n\n\n<p>Robert Lewandowski convirti\u00f3 un penal cometido por el defensor portugu\u00e9s Tom\u00e1s Ara\u00fajo sobre Alejandro Balde (13) renaciendo las esperanzas del equipo de Flick.<br><\/p>\n\n\n\n<p>Pero no era el d\u00eda del arquero polaco Wojciech Szcz\u0119sny, que en una salida del \u00e1rea para despejar un bal\u00f3n choc\u00f3 con Balde, posibilitando el segundo gol con arco vac\u00edo del delantero heleno (22).<br><\/p>\n\n\n\n<p>Pavlidis, que solo hab\u00eda marcado un gol en las seis fechas precedentes, sell\u00f3 su noche m\u00e1gica al marcar un penal cometido por Szcz\u0119sny (30) para delirio ef\u00edmero del p\u00fablico lisboeta.<br><\/p>\n\n\n\n<p>Un gol fortuito del brasile\u00f1o Raphinha (64), en cuya cabeza rebot\u00f3 un bal\u00f3n que trataba de jugar en largo el arquero local Anatolii Trubin parec\u00eda dotar de emoci\u00f3n a la \u00faltima media hora.<br><\/p>\n\n\n\n<p>A\u00fan hubo tiempo de ver un gol en propia del central uruguayo Ronald Araujo (68), un nuevo penal de Lewandowski (78), el gol del empate de Eric Garc\u00eda de cabeza (86) y el de la victoria de Raphinha culminando un contragolpe (90+6), justo despu\u00e9s de que Szcz\u0119sny le tapara un mano a mano a \u00c1ngel Di M\u00e1r\u00eda que pudo ser el triunfo lisboeta.<\/p>\n","protected":false},"excerpt":{"rendered":"<p>En un juego de locura, el conjunto cul\u00e9 logr\u00f3 imponerse 5-4 al Benfica en la pen\u00faltima jornada de la Champions League Una aut\u00e9ntica monta\u00f1a rusa de emociones fue el que vivi\u00f3 el conjunto del Barcelona en su visita a Lisboa, donde termin\u00f3 remontando de forma \u00e9pica e imponi\u00e9ndose por 5-4 sobre el Benfica en la [&hellip;]<\/p>\n","protected":false},"author":1,"featured_media":73744,"comment_status":"closed","ping_status":"closed","sticky":false,"template":"","format":"standard","meta":{"footnotes":""},"categories":[38],"tags":[],"class_list":["post-73742","post","type-post","status-publish","format-standard","has-post-thumbnail","hentry","category-deportes"],"_links":{"self":[{"href":"https:\/\/elinformante.mx\/index.php?rest_route=\/wp\/v2\/posts\/73742","targetHints":{"allow":["GET"]}}],"collection":[{"href":"https:\/\/elinformante.mx\/index.php?rest_route=\/wp\/v2\/posts"}],"about":[{"href":"https:\/\/elinformante.mx\/index.php?rest_route=\/wp\/v2\/types\/post"}],"author":[{"embeddable":true,"href":"https:\/\/elinformante.mx\/index.php?rest_route=\/wp\/v2\/users\/1"}],"replies":[{"embeddable":true,"href":"https:\/\/elinformante.mx\/index.php?rest_route=%2Fwp%2Fv2%2Fcomments&post=73742"}],"version-history":[{"count":0,"href":"https:\/\/elinformante.mx\/index.php?rest_route=\/wp\/v2\/posts\/73742\/revisions"}],"wp:featuredmedia":[{"embeddable":true,"href":"https:\/\/elinformante.mx\/index.php?rest_route=\/wp\/v2\/media\/73744"}],"wp:attachment":[{"href":"https:\/\/elinformante.mx\/index.php?rest_route=%2Fwp%2Fv2%2Fmedia&parent=73742"}],"wp:term":[{"taxonomy":"category","embeddable":true,"href":"https:\/\/elinformante.mx\/index.php?rest_route=%2Fwp%2Fv2%2Fcategories&post=73742"},{"taxonomy":"post_tag","embeddable":true,"href":"https:\/\/elinformante.mx\/index.php?rest_route=%2Fwp%2Fv2%2Ftags&post=73742"}],"curies":[{"name":"wp","href":"https:\/\/api.w.org\/{rel}","templated":true}]}}