{"id":73749,"date":"2025-01-22T06:10:55","date_gmt":"2025-01-22T12:10:55","guid":{"rendered":"https:\/\/elinformante.mx\/?p=73749"},"modified":"2025-01-22T06:10:57","modified_gmt":"2025-01-22T12:10:57","slug":"se-la-pasaban-guardando-cochecitos-ajenos","status":"publish","type":"post","link":"https:\/\/elinformante.mx\/?p=73749","title":{"rendered":"Se la pasaban \u201cguardando\u201d cochecitos ajenos"},"content":{"rendered":"\n<p>Cinco personas responsables del delito de robo de veh\u00edculo con violencia, recibieron sentencias de condena, luego de que la FGJEM acredit\u00f3 su intervenci\u00f3n en este il\u00edcito.<br><\/p>\n\n\n\n<p class=\"has-drop-cap\">La Autoridad Judicial de Chalco dict\u00f3 condena de 23 a\u00f1os de prisi\u00f3n para Yaroslav \u00c1ngeles Renter\u00eda, quien el 4 de junio de 2024, particip\u00f3 en un robo de veh\u00edculo en la avenida Cuauht\u00e9moc, colonia Santiago en el municipio de Valle de Chalco. Ese d\u00eda, el ahora sentenciado y su c\u00f3mplice amagaron con un arma de fuego al conductor de un veh\u00edculo tipo Jetta, a quien despojaron de pertenencias y dicha unidad automotora.<br><\/p>\n\n\n\n<p>Tambi\u00e9n fue condenado a 20 a\u00f1os de prisi\u00f3n Leobardo Morales Ram\u00edrez, Axel Maceda Torcida y Litzy Guadalupe Morales Erasto, tras acreditar su responsabilidad en un robo de veh\u00edculo registrado en la colonia Agr\u00edcola \u00c1lvaro Obreg\u00f3n, en Metepec. Los hechos los perpetraron el 17 de abril del a\u00f1o pasado, cuando sometieron a una persona con la finalidad de hurtarle su veh\u00edculo.<br><\/p>\n\n\n\n<p>Finalmente, se emiti\u00f3 una condena de 20 a\u00f1os de c\u00e1rcel para Mois\u00e9s Mar\u00edn Silva, individuo que el 4 de julio del 2024 hurt\u00f3 una unidad automotora marca Chevrolet, tipo Captiva, en la calle Circuitos Cient\u00edficos, de la colonia Ciudad Sat\u00e9lite, en Naucalpan. El d\u00eda de los hechos, el ahora sentenciado y tres personas m\u00e1s interceptaron al operador de dicho veh\u00edculo, a quien amagaron con armas de fuego para cometer el hurto.<br><\/p>\n\n\n\n<p>Estos hechos fueron denunciados ante el Ministerio P\u00fablico, y tras las investigaciones fueron detenidos los responsables, mismos que quedaron a disposici\u00f3n de la Autoridad Judicial al interior de Centros Penitenciarios, quien tras proceso legal, les dict\u00f3 estas condenas.<\/p>\n\n\n\n<p><\/p>\n","protected":false},"excerpt":{"rendered":"<p>Cinco personas responsables del delito de robo de veh\u00edculo con violencia, recibieron sentencias de condena, luego de que la FGJEM acredit\u00f3 su intervenci\u00f3n en este il\u00edcito. La Autoridad Judicial de Chalco dict\u00f3 condena de 23 a\u00f1os de prisi\u00f3n para Yaroslav \u00c1ngeles Renter\u00eda, quien el 4 de junio de 2024, particip\u00f3 en un robo de veh\u00edculo [&hellip;]<\/p>\n","protected":false},"author":1,"featured_media":73750,"comment_status":"closed","ping_status":"closed","sticky":false,"template":"","format":"standard","meta":{"footnotes":""},"categories":[36,37],"tags":[],"class_list":["post-73749","post","type-post","status-publish","format-standard","has-post-thumbnail","hentry","category-edomex","category-justicia"],"_links":{"self":[{"href":"https:\/\/elinformante.mx\/index.php?rest_route=\/wp\/v2\/posts\/73749","targetHints":{"allow":["GET"]}}],"collection":[{"href":"https:\/\/elinformante.mx\/index.php?rest_route=\/wp\/v2\/posts"}],"about":[{"href":"https:\/\/elinformante.mx\/index.php?rest_route=\/wp\/v2\/types\/post"}],"author":[{"embeddable":true,"href":"https:\/\/elinformante.mx\/index.php?rest_route=\/wp\/v2\/users\/1"}],"replies":[{"embeddable":true,"href":"https:\/\/elinformante.mx\/index.php?rest_route=%2Fwp%2Fv2%2Fcomments&post=73749"}],"version-history":[{"count":0,"href":"https:\/\/elinformante.mx\/index.php?rest_route=\/wp\/v2\/posts\/73749\/revisions"}],"wp:featuredmedia":[{"embeddable":true,"href":"https:\/\/elinformante.mx\/index.php?rest_route=\/wp\/v2\/media\/73750"}],"wp:attachment":[{"href":"https:\/\/elinformante.mx\/index.php?rest_route=%2Fwp%2Fv2%2Fmedia&parent=73749"}],"wp:term":[{"taxonomy":"category","embeddable":true,"href":"https:\/\/elinformante.mx\/index.php?rest_route=%2Fwp%2Fv2%2Fcategories&post=73749"},{"taxonomy":"post_tag","embeddable":true,"href":"https:\/\/elinformante.mx\/index.php?rest_route=%2Fwp%2Fv2%2Ftags&post=73749"}],"curies":[{"name":"wp","href":"https:\/\/api.w.org\/{rel}","templated":true}]}}