{"id":73752,"date":"2025-01-22T06:12:16","date_gmt":"2025-01-22T12:12:16","guid":{"rendered":"https:\/\/elinformante.mx\/?p=73752"},"modified":"2025-01-22T06:12:18","modified_gmt":"2025-01-22T12:12:18","slug":"vinculan-a-proceso-a-sujeto-acusado-asesinar-a-un-hombre-en-zumpango","status":"publish","type":"post","link":"https:\/\/elinformante.mx\/?p=73752","title":{"rendered":"Vinculan a proceso a sujeto acusado asesinar a un hombre en Zumpango"},"content":{"rendered":"\n<figure class=\"wp-block-pullquote\"><blockquote><p>La v\u00edctima habr\u00eda sido golpeada y atacada con un objeto punzocortante, lo que deriv\u00f3 en su muerte.<\/p><\/blockquote><\/figure>\n\n\n\n<p class=\"has-drop-cap\">La FGJEM acredit\u00f3 la probable intervenci\u00f3n de Jes\u00fas \u201cN\u201d, alias \u201cEl Muebles\u201d, en el hecho delictivo de homicidio calificado en agravio de un hombre, por lo que la Autoridad Judicial determin\u00f3 vincularlo a proceso.<br><\/p>\n\n\n\n<p>Este individuo es indagado por hechos registrados el 10 de junio de 2024, en la calle de Las Rosas, en el Fraccionamiento Pinturas, en el municipio de Zumpango, donde en complicidad de otro individuo habr\u00eda intervenido en el homicidio de la v\u00edctima.<br><\/p>\n\n\n\n<p>El d\u00eda en que ocurrieron los hechos la v\u00edctima habr\u00eda iniciado una discusi\u00f3n con un masculino a causa presuntamente de una deuda econ\u00f3mica; hechos que fueron presenciados por el ahora detenido.<br><\/p>\n\n\n\n<p>En alg\u00fan momento el masculino referido presuntamente atac\u00f3 a la v\u00edctima con un objeto punzocortante, en tanto que Jes\u00fas \u201cN\u201d, alias \u201cEl Muebles\u201d, lo golpe\u00f3, Derivado de las lesiones la v\u00edctima falleci\u00f3, en tanto que los probables implicados huyeron.<br><\/p>\n\n\n\n<p>Tras las investigaciones se estableci\u00f3 la intervenci\u00f3n de este individuo en el homicidio calificado, por ello fue aprehendido e ingresado al interior del Centro Penitenciario y de Reinserci\u00f3n Social de Zumpango, a disposici\u00f3n de un Juez, quien lo vincul\u00f3 a proceso.<\/p>\n","protected":false},"excerpt":{"rendered":"<p>La v\u00edctima habr\u00eda sido golpeada y atacada con un objeto punzocortante, lo que deriv\u00f3 en su muerte. La FGJEM acredit\u00f3 la probable intervenci\u00f3n de Jes\u00fas \u201cN\u201d, alias \u201cEl Muebles\u201d, en el hecho delictivo de homicidio calificado en agravio de un hombre, por lo que la Autoridad Judicial determin\u00f3 vincularlo a proceso. Este individuo es indagado [&hellip;]<\/p>\n","protected":false},"author":1,"featured_media":73753,"comment_status":"closed","ping_status":"closed","sticky":false,"template":"","format":"standard","meta":{"footnotes":""},"categories":[36,37],"tags":[],"class_list":["post-73752","post","type-post","status-publish","format-standard","has-post-thumbnail","hentry","category-edomex","category-justicia"],"_links":{"self":[{"href":"https:\/\/elinformante.mx\/index.php?rest_route=\/wp\/v2\/posts\/73752","targetHints":{"allow":["GET"]}}],"collection":[{"href":"https:\/\/elinformante.mx\/index.php?rest_route=\/wp\/v2\/posts"}],"about":[{"href":"https:\/\/elinformante.mx\/index.php?rest_route=\/wp\/v2\/types\/post"}],"author":[{"embeddable":true,"href":"https:\/\/elinformante.mx\/index.php?rest_route=\/wp\/v2\/users\/1"}],"replies":[{"embeddable":true,"href":"https:\/\/elinformante.mx\/index.php?rest_route=%2Fwp%2Fv2%2Fcomments&post=73752"}],"version-history":[{"count":0,"href":"https:\/\/elinformante.mx\/index.php?rest_route=\/wp\/v2\/posts\/73752\/revisions"}],"wp:featuredmedia":[{"embeddable":true,"href":"https:\/\/elinformante.mx\/index.php?rest_route=\/wp\/v2\/media\/73753"}],"wp:attachment":[{"href":"https:\/\/elinformante.mx\/index.php?rest_route=%2Fwp%2Fv2%2Fmedia&parent=73752"}],"wp:term":[{"taxonomy":"category","embeddable":true,"href":"https:\/\/elinformante.mx\/index.php?rest_route=%2Fwp%2Fv2%2Fcategories&post=73752"},{"taxonomy":"post_tag","embeddable":true,"href":"https:\/\/elinformante.mx\/index.php?rest_route=%2Fwp%2Fv2%2Ftags&post=73752"}],"curies":[{"name":"wp","href":"https:\/\/api.w.org\/{rel}","templated":true}]}}