{"id":73798,"date":"2025-01-22T06:56:32","date_gmt":"2025-01-22T12:56:32","guid":{"rendered":"https:\/\/elinformante.mx\/?p=73798"},"modified":"2025-01-22T06:56:33","modified_gmt":"2025-01-22T12:56:33","slug":"se-registra-sismo-en-la-alcaldia-alvaro-obregon","status":"publish","type":"post","link":"https:\/\/elinformante.mx\/?p=73798","title":{"rendered":"Se registra sismo en la alcald\u00eda \u00c1lvaro Obreg\u00f3n"},"content":{"rendered":"\n<figure class=\"wp-block-pullquote\"><blockquote><p>El microsismo de magnitud 1.7 tuvo como epicentro la colonia Axotla, siendo detectado por el Sismol\u00f3gico Nacional<\/p><\/blockquote><\/figure>\n\n\n\n<p class=\"has-drop-cap\">Se registr\u00f3 un movimiento tel\u00farico de magnitud 1.7 fue detectado por los sensores del Servicio Sismol\u00f3gico Nacional durante la noche de este 21 de enero. El epicentro fue detectado en la colonia Axotla de la alcald\u00eda \u00c1lvaro Obreg\u00f3n.<br><\/p>\n\n\n\n<p>Fue de acuerdo al reporte emitido que dieron a conocer que el sismo comenz\u00f3 alrededor de las 21:34 horas y tuvo una profundidad de solo un kil\u00f3metro, por lo que se le considera relativamente superficial.<br><\/p>\n\n\n\n<p>El movimiento fue levemente percibido por habitantes de la zona, en la cual se han registrado numerosos sismos en meses pasados, probablemente relacionados con la falla Plateros-Mixcoac.<br><\/p>\n\n\n\n<p>Sin embargo no se report\u00f3 ning\u00fan da\u00f1o materiales o humano, aunque las autoridades de la alcald\u00eda \u00c1lvaro Obreg\u00f3n y del gobierno central se encuentran realizando recorridos de reconocimiento.<br><\/p>\n\n\n\n<p>Aunque algunos de los microsismos que se registran en el Valle de M\u00e9xico pueden ser f\u00e1cilmente percibidos por los habitantes, en muy raras ocasiones estos provocar\u00e1n la activaci\u00f3n de la alerta s\u00edsmica.<br><\/p>\n\n\n\n<p>Esto sucede porque, de acuerdo con el protocolo de la alerta, para que se active tiene que ser un sismo mayor a magnitud 5, debe tener una distancia regular desde la Ciudad de M\u00e9xico y una duraci\u00f3n importante. En la mayor\u00eda de los microsismos, estos par\u00e1metros no suelen cumplirse.<\/p>\n","protected":false},"excerpt":{"rendered":"<p>El microsismo de magnitud 1.7 tuvo como epicentro la colonia Axotla, siendo detectado por el Sismol\u00f3gico Nacional Se registr\u00f3 un movimiento tel\u00farico de magnitud 1.7 fue detectado por los sensores del Servicio Sismol\u00f3gico Nacional durante la noche de este 21 de enero. El epicentro fue detectado en la colonia Axotla de la alcald\u00eda \u00c1lvaro Obreg\u00f3n. [&hellip;]<\/p>\n","protected":false},"author":1,"featured_media":73799,"comment_status":"closed","ping_status":"closed","sticky":false,"template":"","format":"standard","meta":{"footnotes":""},"categories":[35],"tags":[],"class_list":["post-73798","post","type-post","status-publish","format-standard","has-post-thumbnail","hentry","category-cdmx"],"_links":{"self":[{"href":"https:\/\/elinformante.mx\/index.php?rest_route=\/wp\/v2\/posts\/73798","targetHints":{"allow":["GET"]}}],"collection":[{"href":"https:\/\/elinformante.mx\/index.php?rest_route=\/wp\/v2\/posts"}],"about":[{"href":"https:\/\/elinformante.mx\/index.php?rest_route=\/wp\/v2\/types\/post"}],"author":[{"embeddable":true,"href":"https:\/\/elinformante.mx\/index.php?rest_route=\/wp\/v2\/users\/1"}],"replies":[{"embeddable":true,"href":"https:\/\/elinformante.mx\/index.php?rest_route=%2Fwp%2Fv2%2Fcomments&post=73798"}],"version-history":[{"count":0,"href":"https:\/\/elinformante.mx\/index.php?rest_route=\/wp\/v2\/posts\/73798\/revisions"}],"wp:featuredmedia":[{"embeddable":true,"href":"https:\/\/elinformante.mx\/index.php?rest_route=\/wp\/v2\/media\/73799"}],"wp:attachment":[{"href":"https:\/\/elinformante.mx\/index.php?rest_route=%2Fwp%2Fv2%2Fmedia&parent=73798"}],"wp:term":[{"taxonomy":"category","embeddable":true,"href":"https:\/\/elinformante.mx\/index.php?rest_route=%2Fwp%2Fv2%2Fcategories&post=73798"},{"taxonomy":"post_tag","embeddable":true,"href":"https:\/\/elinformante.mx\/index.php?rest_route=%2Fwp%2Fv2%2Ftags&post=73798"}],"curies":[{"name":"wp","href":"https:\/\/api.w.org\/{rel}","templated":true}]}}