{"id":73837,"date":"2025-01-22T16:17:59","date_gmt":"2025-01-22T22:17:59","guid":{"rendered":"https:\/\/elinformante.mx\/?p=73837"},"modified":"2025-01-22T16:18:01","modified_gmt":"2025-01-22T22:18:01","slug":"un-trailer-choco-contra-un-muro-de-contencion","status":"publish","type":"post","link":"https:\/\/elinformante.mx\/?p=73837","title":{"rendered":"UN TR\u00c1ILER CHOC\u00d3 CONTRA UN MURO DE CONTENCI\u00d3N"},"content":{"rendered":"\n<p>Este mi\u00e9rcoles, se report\u00f3 que un tr\u00e1iler choc\u00f3 contra un muro de contenci\u00f3n en la carretera Quer\u00e9taro &#8211; San Luis Potos\u00ed, a la altura del Parque Industrial Quer\u00e9taro; se reportaron dos personas lesionadas.<br><\/p>\n","protected":false},"excerpt":{"rendered":"<p>Este mi\u00e9rcoles, se report\u00f3 que un tr\u00e1iler choc\u00f3 contra un muro de contenci\u00f3n en la carretera Quer\u00e9taro &#8211; San Luis Potos\u00ed, a la altura del Parque Industrial Quer\u00e9taro; se reportaron dos personas lesionadas.<\/p>\n","protected":false},"author":2,"featured_media":73838,"comment_status":"closed","ping_status":"closed","sticky":false,"template":"","format":"standard","meta":{"footnotes":""},"categories":[34],"tags":[],"class_list":["post-73837","post","type-post","status-publish","format-standard","has-post-thumbnail","hentry","category-nacional"],"_links":{"self":[{"href":"https:\/\/elinformante.mx\/index.php?rest_route=\/wp\/v2\/posts\/73837","targetHints":{"allow":["GET"]}}],"collection":[{"href":"https:\/\/elinformante.mx\/index.php?rest_route=\/wp\/v2\/posts"}],"about":[{"href":"https:\/\/elinformante.mx\/index.php?rest_route=\/wp\/v2\/types\/post"}],"author":[{"embeddable":true,"href":"https:\/\/elinformante.mx\/index.php?rest_route=\/wp\/v2\/users\/2"}],"replies":[{"embeddable":true,"href":"https:\/\/elinformante.mx\/index.php?rest_route=%2Fwp%2Fv2%2Fcomments&post=73837"}],"version-history":[{"count":0,"href":"https:\/\/elinformante.mx\/index.php?rest_route=\/wp\/v2\/posts\/73837\/revisions"}],"wp:featuredmedia":[{"embeddable":true,"href":"https:\/\/elinformante.mx\/index.php?rest_route=\/wp\/v2\/media\/73838"}],"wp:attachment":[{"href":"https:\/\/elinformante.mx\/index.php?rest_route=%2Fwp%2Fv2%2Fmedia&parent=73837"}],"wp:term":[{"taxonomy":"category","embeddable":true,"href":"https:\/\/elinformante.mx\/index.php?rest_route=%2Fwp%2Fv2%2Fcategories&post=73837"},{"taxonomy":"post_tag","embeddable":true,"href":"https:\/\/elinformante.mx\/index.php?rest_route=%2Fwp%2Fv2%2Ftags&post=73837"}],"curies":[{"name":"wp","href":"https:\/\/api.w.org\/{rel}","templated":true}]}}