{"id":74191,"date":"2025-01-28T05:04:52","date_gmt":"2025-01-28T11:04:52","guid":{"rendered":"https:\/\/elinformante.mx\/?p=74191"},"modified":"2025-01-28T05:04:54","modified_gmt":"2025-01-28T11:04:54","slug":"taemin-de-shinee-tendra-concierto-en-mexico","status":"publish","type":"post","link":"https:\/\/elinformante.mx\/?p=74191","title":{"rendered":"Taemin de SHINee tendr\u00e1 concierto en M\u00e9xico"},"content":{"rendered":"\n<figure class=\"wp-block-pullquote\"><blockquote><p>El cantante surcoreano llegar\u00e1 a nuestro pa\u00eds para presentarse ante sus fans por primera vez en solitario.<\/p><\/blockquote><\/figure>\n\n\n\n<p class=\"has-drop-cap\">Este a\u00f1o en M\u00e9xico se realizar\u00e1n varios conciertos de K-pop y uno de los primeros ser\u00e1 el que dar\u00e1 Taemin, integrante del grupo SHINee, quien se presentar\u00e1 por primera vez en nuestro pa\u00eds como solista.<br><\/p>\n\n\n\n<p>Taemin llegar\u00e1 a tierras mexicanas para dar un show con el que seguramente consentir\u00e1 a todos sus fans que esperan verlo.<br><\/p>\n\n\n\n<p>El idol se estar\u00e1 presentando el pr\u00f3ximo 28 de enero en M\u00e9xico, espec\u00edficamente en el Pepsi Center en CDMX. Se espera que el concierto empiece a las 8:00 PM.<br><\/p>\n\n\n\n<p>La presentaci\u00f3n forma parte de su gira mundial \u201cEphemeral Gaze\u201d, un proyecto que celebra su consolidada carrera de 17 a\u00f1os en la industria musical, tanto como integrante del grupo SHINee como en su faceta de solista.<br><\/p>\n\n\n\n<p>Con este concierto se marca el debut de Taemin como solista en tierras mexicanas, adem\u00e1s tambi\u00e9n coincide con el d\u00e9cimo aniversario de su carrera como artista individual, iniciada en 2014 con el lanzamiento del mini\u00e1lbum Ace.<br><\/p>\n\n\n\n<p>Los fan\u00e1ticos, conocidos como TAEMates, se preparan para presenciar un espect\u00e1culo que promete ser inolvidable, destacando por la combinaci\u00f3n de su poderoso talento vocal, impecables coreograf\u00edas y una producci\u00f3n visual de primer nivel.<br><\/p>\n\n\n\n<p>Lee Taemin debut\u00f3 en 2008 a los 14 a\u00f1os como el integrante m\u00e1s joven del influyente grupo de K-pop SHINee, bajo la agencia SM Entertainment.<br><\/p>\n\n\n\n<p>Desde el inicio, destac\u00f3 por su talento como bailar\u00edn y su carisma, gan\u00e1ndose r\u00e1pidamente el coraz\u00f3n de los fans. A lo largo de los a\u00f1os, SHINee ayud\u00f3 a popularizar el g\u00e9nero a nivel global, consolid\u00e1ndose como una de las bandas m\u00e1s ic\u00f3nicas de la industria.<br><\/p>\n\n\n\n<p>En 2014, TAEMIN comenz\u00f3 su carrera como solista con el mini\u00e1lbum Ace, mostrando una faceta m\u00e1s madura y explorando un estilo \u00fanico que mezcla sensualidad, misterio y una s\u00f3lida expresi\u00f3n art\u00edstica. Su primer sencillo como solista, \u201cDanger\u201d, marc\u00f3 un punto de inflexi\u00f3n en su carrera, revelando su capacidad para reinventarse constantemente.<br><\/p>\n\n\n\n<p>Desde entonces, ha lanzado varios mini\u00e1lbumes y \u00e1lbumes de estudio, entre los que destacan Move (2017), Never Gonna Dance Again (2020) y Eternal (2024).<br><\/p>\n\n\n\n<p>Adem\u00e1s de su carrera en solitario, TAEMIN form\u00f3 parte del supergrupo SuperM en 2019, un proyecto que reuni\u00f3 a artistas de renombre de distintas agrupaciones de SM Entertainment como EXO, NCT y WayV. Con SuperM, TAEMIN alcanz\u00f3 nuevos mercados, incluyendo Estados Unidos, donde el grupo debut\u00f3 en el n\u00famero uno de la lista Billboard 200 con su \u00e1lbum hom\u00f3nimo.<br><\/p>\n\n\n\n<p>Su impacto va m\u00e1s all\u00e1 de la m\u00fasica. Sus coreograf\u00edas, como las de \u201cMove\u201d y \u201cCriminal\u201d, son reconocidas por su elegancia y sofisticaci\u00f3n, estableciendo nuevos est\u00e1ndares en la industria.<br><\/p>\n\n\n\n<p>El concierto en el Pepsi Center WTC promete ser una experiencia \u00fanica para los fan\u00e1ticos mexicanos, quienes tendr\u00e1n la oportunidad de ver de cerca la evoluci\u00f3n art\u00edstica de TAEMIN.<br><\/p>\n\n\n\n<p>La gira \u201cEphemeral Gaze\u201d ha sido descrita como un espect\u00e1culo inmersivo, donde TAEMIN combina una producci\u00f3n visual de alto nivel con sus habilidades como cantante, bailar\u00edn y performer. Cada presentaci\u00f3n ha recibido elogios por su calidad art\u00edstica y por la conexi\u00f3n emocional que logra con el p\u00fablico.<\/p>\n","protected":false},"excerpt":{"rendered":"<p>El cantante surcoreano llegar\u00e1 a nuestro pa\u00eds para presentarse ante sus fans por primera vez en solitario. Este a\u00f1o en M\u00e9xico se realizar\u00e1n varios conciertos de K-pop y uno de los primeros ser\u00e1 el que dar\u00e1 Taemin, integrante del grupo SHINee, quien se presentar\u00e1 por primera vez en nuestro pa\u00eds como solista. Taemin llegar\u00e1 a [&hellip;]<\/p>\n","protected":false},"author":1,"featured_media":74192,"comment_status":"closed","ping_status":"closed","sticky":false,"template":"","format":"standard","meta":{"footnotes":""},"categories":[39],"tags":[],"class_list":["post-74191","post","type-post","status-publish","format-standard","has-post-thumbnail","hentry","category-espectaculos"],"_links":{"self":[{"href":"https:\/\/elinformante.mx\/index.php?rest_route=\/wp\/v2\/posts\/74191","targetHints":{"allow":["GET"]}}],"collection":[{"href":"https:\/\/elinformante.mx\/index.php?rest_route=\/wp\/v2\/posts"}],"about":[{"href":"https:\/\/elinformante.mx\/index.php?rest_route=\/wp\/v2\/types\/post"}],"author":[{"embeddable":true,"href":"https:\/\/elinformante.mx\/index.php?rest_route=\/wp\/v2\/users\/1"}],"replies":[{"embeddable":true,"href":"https:\/\/elinformante.mx\/index.php?rest_route=%2Fwp%2Fv2%2Fcomments&post=74191"}],"version-history":[{"count":0,"href":"https:\/\/elinformante.mx\/index.php?rest_route=\/wp\/v2\/posts\/74191\/revisions"}],"wp:featuredmedia":[{"embeddable":true,"href":"https:\/\/elinformante.mx\/index.php?rest_route=\/wp\/v2\/media\/74192"}],"wp:attachment":[{"href":"https:\/\/elinformante.mx\/index.php?rest_route=%2Fwp%2Fv2%2Fmedia&parent=74191"}],"wp:term":[{"taxonomy":"category","embeddable":true,"href":"https:\/\/elinformante.mx\/index.php?rest_route=%2Fwp%2Fv2%2Fcategories&post=74191"},{"taxonomy":"post_tag","embeddable":true,"href":"https:\/\/elinformante.mx\/index.php?rest_route=%2Fwp%2Fv2%2Ftags&post=74191"}],"curies":[{"name":"wp","href":"https:\/\/api.w.org\/{rel}","templated":true}]}}