{"id":74198,"date":"2025-01-28T05:11:15","date_gmt":"2025-01-28T11:11:15","guid":{"rendered":"https:\/\/elinformante.mx\/?p=74198"},"modified":"2025-01-28T05:11:16","modified_gmt":"2025-01-28T11:11:16","slug":"jugador-belga-es-detenido-por-trafico-de-drogas-en-amberes","status":"publish","type":"post","link":"https:\/\/elinformante.mx\/?p=74198","title":{"rendered":"Jugador belga es detenido por tr\u00e1fico de drogas en Amberes"},"content":{"rendered":"\n<figure class=\"wp-block-pullquote\"><blockquote><p>La Fiscal\u00eda de Bruselas inform\u00f3 de que se llevaron a cabo 30 registros en la provincia de Amberes, as\u00ed como en Bruselas y sus alrededores.<\/p><\/blockquote><\/figure>\n\n\n\n<p class=\"has-drop-cap\">El centrocampista Radja Nainggolan, quien es 30 veces internacional con la Selecci\u00f3n de B\u00e9lgica, adem\u00e1s de jugador de clubes de la Serie A como AS Roma e Inter de Mil\u00e1n, se encuentra entre las personas arraigadas en el marco de una investigaci\u00f3n por el contrabando de coca\u00edna de Sudam\u00e9rica a Europa.<br><\/p>\n\n\n\n<p>El centrocampista belga Radja Nainggolan ha sido detenido por tr\u00e1fico de drogas en el marco de una investigaci\u00f3n sobre el contrabando de coca\u00edna desde Sudam\u00e9rica a Europa a trav\u00e9s del puerto de Amberes, B\u00e9lgica.<br><\/p>\n\n\n\n<p>La Fiscal\u00eda de Bruselas inform\u00f3 de que se llevaron a cabo 30 registros en la provincia de Amberes, as\u00ed como en Bruselas y sus alrededores, y que Nainggolan, quien fue 30 veces internacional con la Selecci\u00f3n de B\u00e9lgica, y que jug\u00f3 en clubes importantes de la Serie A como AS Roma e Inter de Mil\u00e1n, se encontraba entre las personas detenidas.<br><\/p>\n\n\n\n<p>No se facilit\u00f3 m\u00e1s informaci\u00f3n, ya que la investigaci\u00f3n y los interrogatorios contin\u00faan en un caso relacionado con el contrabando de coca\u00edna desde Sudam\u00e9rica a Amberes y su redistribuci\u00f3n en B\u00e9lgica, seg\u00fan las autoridades.<br><\/p>\n\n\n\n<p>Nainggolan, de 36 a\u00f1os, milita en la actualidad en el modesto Lokeren-Temse, equipo de la Segunda Divisi\u00f3n belga, que el lunes se enter\u00f3 de la investigaci\u00f3n a trav\u00e9s de la prensa.<br><\/p>\n\n\n\n<p>\u201cSolo podemos confirmar que el jugador no ha participado en el entrenamiento de esta ma\u00f1ana. El club respeta la presunci\u00f3n de inocencia, por lo que no puede hacer m\u00e1s comentarios\u201d, se limit\u00f3 a comentar el club.<\/p>\n","protected":false},"excerpt":{"rendered":"<p>La Fiscal\u00eda de Bruselas inform\u00f3 de que se llevaron a cabo 30 registros en la provincia de Amberes, as\u00ed como en Bruselas y sus alrededores. El centrocampista Radja Nainggolan, quien es 30 veces internacional con la Selecci\u00f3n de B\u00e9lgica, adem\u00e1s de jugador de clubes de la Serie A como AS Roma e Inter de Mil\u00e1n, [&hellip;]<\/p>\n","protected":false},"author":1,"featured_media":74200,"comment_status":"closed","ping_status":"closed","sticky":false,"template":"","format":"standard","meta":{"footnotes":""},"categories":[38],"tags":[],"class_list":["post-74198","post","type-post","status-publish","format-standard","has-post-thumbnail","hentry","category-deportes"],"_links":{"self":[{"href":"https:\/\/elinformante.mx\/index.php?rest_route=\/wp\/v2\/posts\/74198","targetHints":{"allow":["GET"]}}],"collection":[{"href":"https:\/\/elinformante.mx\/index.php?rest_route=\/wp\/v2\/posts"}],"about":[{"href":"https:\/\/elinformante.mx\/index.php?rest_route=\/wp\/v2\/types\/post"}],"author":[{"embeddable":true,"href":"https:\/\/elinformante.mx\/index.php?rest_route=\/wp\/v2\/users\/1"}],"replies":[{"embeddable":true,"href":"https:\/\/elinformante.mx\/index.php?rest_route=%2Fwp%2Fv2%2Fcomments&post=74198"}],"version-history":[{"count":0,"href":"https:\/\/elinformante.mx\/index.php?rest_route=\/wp\/v2\/posts\/74198\/revisions"}],"wp:featuredmedia":[{"embeddable":true,"href":"https:\/\/elinformante.mx\/index.php?rest_route=\/wp\/v2\/media\/74200"}],"wp:attachment":[{"href":"https:\/\/elinformante.mx\/index.php?rest_route=%2Fwp%2Fv2%2Fmedia&parent=74198"}],"wp:term":[{"taxonomy":"category","embeddable":true,"href":"https:\/\/elinformante.mx\/index.php?rest_route=%2Fwp%2Fv2%2Fcategories&post=74198"},{"taxonomy":"post_tag","embeddable":true,"href":"https:\/\/elinformante.mx\/index.php?rest_route=%2Fwp%2Fv2%2Ftags&post=74198"}],"curies":[{"name":"wp","href":"https:\/\/api.w.org\/{rel}","templated":true}]}}