{"id":74202,"date":"2025-01-28T05:12:12","date_gmt":"2025-01-28T11:12:12","guid":{"rendered":"https:\/\/elinformante.mx\/?p=74202"},"modified":"2025-01-28T05:12:15","modified_gmt":"2025-01-28T11:12:15","slug":"memo-ochoa-regresa-como-titular-en-el-triunfo-ante-gil-vicente","status":"publish","type":"post","link":"https:\/\/elinformante.mx\/?p=74202","title":{"rendered":"Memo Ochoa regresa como titular en el triunfo ante Gil Vicente"},"content":{"rendered":"\n<figure class=\"wp-block-pullquote\"><blockquote><p>Tuvo una buena actuaci\u00f3n en la victoria de su equipo por la m\u00ednima ante Gil Vicente.<\/p><\/blockquote><\/figure>\n\n\n\n<p class=\"has-drop-cap\">El aquipo del AVS Futebol SAD parece haber salido de su crisis en la Primera Liga de Portugal luego de derrotar 1-0 al Gil Vicente, en partido correspondiente a la Jornada 19 de la temporada, donde tuvo acci\u00f3n como titular el portero mexicano Guillermo Ochoa.<br><\/p>\n\n\n\n<p>El mexicano tuvo unas buenas intervenciones bajo el arco, como se not\u00f3 en el partido. Un gol del delantero ecuatoriano John Mercado al minuto 55 fue suficiente para que el AVS se impusiera en casa y terminara con su larga racha de 12 partidos sin victoria en el campeonato.<br><\/p>\n\n\n\n<p>El AVS ofreci\u00f3 una de sus mejores versiones y fue el equipo que tuvo m\u00e1s oportunidades a lo largo del partido, sin embargo, en el tramo final del encuentro tuvo que resistir los intentos rivales del rival, que se fue con todo en la b\u00fasqueda del empate.<br><\/p>\n\n\n\n<p>Ochoa, el guardameta azteca fue capit\u00e1n y repiti\u00f3 como titular con los locales, luego de haber regresado a la actividad con el AVS la semana pasada en la derrota por 3-1 como visitante ante el Nacional. Antes de ese juego el mexicano hab\u00eda tenido una ausencia de un par de meses.<br><\/p>\n\n\n\n<p>El retorno a la actividad para el cinco veces mundialista puede ser vital en sus aspiraciones para ser convocado con la Selecci\u00f3n Mexicana, ya que en marzo el Tri jugar\u00e1 las Semifinales de la Concacaf Nations League ante Canad\u00e1.<br><\/p>\n\n\n\n<p>Esta victoria es ox\u00edgeno puro para el equipo de Vila Das Aves, ya que adem\u00e1s de volver a lograr un triunfo, pudo salir de zona de descenso, pues se encontraba en la pen\u00faltima posici\u00f3n de la tabla general antes de este cotejo.<br><\/p>\n\n\n\n<p>El AVS Futebol SAD es actualmente d\u00e9cimo quinto lugar de la clasificaci\u00f3n (la \u00faltima para evitar el descenso) con 18 puntos, mientras el Gil Vicente, quien podr\u00eda convertirse en rival directo, es d\u00e9cimo primero con 22 unidades.<\/p>\n","protected":false},"excerpt":{"rendered":"<p>Tuvo una buena actuaci\u00f3n en la victoria de su equipo por la m\u00ednima ante Gil Vicente. El aquipo del AVS Futebol SAD parece haber salido de su crisis en la Primera Liga de Portugal luego de derrotar 1-0 al Gil Vicente, en partido correspondiente a la Jornada 19 de la temporada, donde tuvo acci\u00f3n como [&hellip;]<\/p>\n","protected":false},"author":1,"featured_media":74203,"comment_status":"closed","ping_status":"closed","sticky":false,"template":"","format":"standard","meta":{"footnotes":""},"categories":[38],"tags":[],"class_list":["post-74202","post","type-post","status-publish","format-standard","has-post-thumbnail","hentry","category-deportes"],"_links":{"self":[{"href":"https:\/\/elinformante.mx\/index.php?rest_route=\/wp\/v2\/posts\/74202","targetHints":{"allow":["GET"]}}],"collection":[{"href":"https:\/\/elinformante.mx\/index.php?rest_route=\/wp\/v2\/posts"}],"about":[{"href":"https:\/\/elinformante.mx\/index.php?rest_route=\/wp\/v2\/types\/post"}],"author":[{"embeddable":true,"href":"https:\/\/elinformante.mx\/index.php?rest_route=\/wp\/v2\/users\/1"}],"replies":[{"embeddable":true,"href":"https:\/\/elinformante.mx\/index.php?rest_route=%2Fwp%2Fv2%2Fcomments&post=74202"}],"version-history":[{"count":0,"href":"https:\/\/elinformante.mx\/index.php?rest_route=\/wp\/v2\/posts\/74202\/revisions"}],"wp:featuredmedia":[{"embeddable":true,"href":"https:\/\/elinformante.mx\/index.php?rest_route=\/wp\/v2\/media\/74203"}],"wp:attachment":[{"href":"https:\/\/elinformante.mx\/index.php?rest_route=%2Fwp%2Fv2%2Fmedia&parent=74202"}],"wp:term":[{"taxonomy":"category","embeddable":true,"href":"https:\/\/elinformante.mx\/index.php?rest_route=%2Fwp%2Fv2%2Fcategories&post=74202"},{"taxonomy":"post_tag","embeddable":true,"href":"https:\/\/elinformante.mx\/index.php?rest_route=%2Fwp%2Fv2%2Ftags&post=74202"}],"curies":[{"name":"wp","href":"https:\/\/api.w.org\/{rel}","templated":true}]}}