{"id":74208,"date":"2025-01-28T05:17:56","date_gmt":"2025-01-28T11:17:56","guid":{"rendered":"https:\/\/elinformante.mx\/?p=74208"},"modified":"2025-01-28T05:17:57","modified_gmt":"2025-01-28T11:17:57","slug":"detienen-al-acapulco-lo-senalan-de-extorsionador","status":"publish","type":"post","link":"https:\/\/elinformante.mx\/?p=74208","title":{"rendered":"Detienen al \u201cAcapulco\u201d, lo se\u00f1alan de extorsionador"},"content":{"rendered":"\n<figure class=\"wp-block-pullquote\"><blockquote><p>El detenido al parecer solicit\u00f3 dinero a dos comerciantes a cambio de no causarles da\u00f1o y dejarlos trabajar.<\/p><\/blockquote><\/figure>\n\n\n\n<p class=\"has-drop-cap\">La Fiscal\u00eda General de Justicia del Estado de M\u00e9xico (FGJEM) aprehendido a Francisco Javier \u201cN\u201d, alias \u201cAcapulco\u201d, identificado como presunto integrante de un grupo delictivo con or\u00edgenes en el estado de Michoac\u00e1n y quien estar\u00eda relacionado con el delito de extorsi\u00f3n perpetrado en esta regi\u00f3n de la entidad.<br><\/p>\n\n\n\n<p>El 8 de noviembre de 2024, el ahora detenido, en complicidad con otros dos individuos, se presentaron en un mercado ubicado en la capital mexiquense, donde habr\u00edan amenazado y exigido dinero a dos comerciantes, esto a cambio de dejarlos trabajar y no causarles da\u00f1o.<br><\/p>\n\n\n\n<p>Uno de los probables implicados portaba un arma de fuego, la cual habr\u00eda utilizado para amedrentar a las v\u00edctimas, quienes ante el temor, entregaron numerario.<br><\/p>\n\n\n\n<p>De la indagatoria iniciada se determin\u00f3 que los d\u00edas 14 y 25 de noviembre pasado, de nueva cuenta el probable implicado y sus c\u00f3mplices acudieron al mercado para exigir m\u00e1s dinero a las v\u00edctimas.<br><\/p>\n\n\n\n<p>Ante las constantes amenazas, las personas afectadas denunciaron los hechos ante la Fiscal\u00eda mexiquense, por lo que fueron llevados a cabo actos de investigaci\u00f3n de gabinete y campo, los cuales permitieron identificar al probable implicado, contra quien fue solicitada librar orden de aprehensi\u00f3n.<br><\/p>\n\n\n\n<p>Detuvieron a este individuo por elementos de la Secretar\u00eda de Seguridad estatal (SSEM) por un hecho delictivo diverso, por lo que se encontraba a disposici\u00f3n del Ministerio P\u00fablico.<br><\/p>\n\n\n\n<p>Fue ingresado al Centro Penitenciario y de Reinserci\u00f3n Social de Santiaguito en Almoloya de Ju\u00e1rez, a disposici\u00f3n de un Juez, quien determinar\u00e1 su situaci\u00f3n jur\u00eddica, no obstante, debe ser considerado inocente hasta que sea dictada una sentencia condenatoria en su contra.<br><\/p>\n\n\n\n<p>La investigaci\u00f3n llevada a cabo por la FGJEM ha permitido establecer que el detenido al parecer era integrante de un grupo delictivo con or\u00edgenes en el estado de Michoac\u00e1n, adem\u00e1s de que tiene antecedentes penales por el delito de portaci\u00f3n de arma prohibida.<\/p>\n","protected":false},"excerpt":{"rendered":"<p>El detenido al parecer solicit\u00f3 dinero a dos comerciantes a cambio de no causarles da\u00f1o y dejarlos trabajar. La Fiscal\u00eda General de Justicia del Estado de M\u00e9xico (FGJEM) aprehendido a Francisco Javier \u201cN\u201d, alias \u201cAcapulco\u201d, identificado como presunto integrante de un grupo delictivo con or\u00edgenes en el estado de Michoac\u00e1n y quien estar\u00eda relacionado con [&hellip;]<\/p>\n","protected":false},"author":1,"featured_media":74209,"comment_status":"closed","ping_status":"closed","sticky":false,"template":"","format":"standard","meta":{"footnotes":""},"categories":[36,37],"tags":[],"class_list":["post-74208","post","type-post","status-publish","format-standard","has-post-thumbnail","hentry","category-edomex","category-justicia"],"_links":{"self":[{"href":"https:\/\/elinformante.mx\/index.php?rest_route=\/wp\/v2\/posts\/74208","targetHints":{"allow":["GET"]}}],"collection":[{"href":"https:\/\/elinformante.mx\/index.php?rest_route=\/wp\/v2\/posts"}],"about":[{"href":"https:\/\/elinformante.mx\/index.php?rest_route=\/wp\/v2\/types\/post"}],"author":[{"embeddable":true,"href":"https:\/\/elinformante.mx\/index.php?rest_route=\/wp\/v2\/users\/1"}],"replies":[{"embeddable":true,"href":"https:\/\/elinformante.mx\/index.php?rest_route=%2Fwp%2Fv2%2Fcomments&post=74208"}],"version-history":[{"count":0,"href":"https:\/\/elinformante.mx\/index.php?rest_route=\/wp\/v2\/posts\/74208\/revisions"}],"wp:featuredmedia":[{"embeddable":true,"href":"https:\/\/elinformante.mx\/index.php?rest_route=\/wp\/v2\/media\/74209"}],"wp:attachment":[{"href":"https:\/\/elinformante.mx\/index.php?rest_route=%2Fwp%2Fv2%2Fmedia&parent=74208"}],"wp:term":[{"taxonomy":"category","embeddable":true,"href":"https:\/\/elinformante.mx\/index.php?rest_route=%2Fwp%2Fv2%2Fcategories&post=74208"},{"taxonomy":"post_tag","embeddable":true,"href":"https:\/\/elinformante.mx\/index.php?rest_route=%2Fwp%2Fv2%2Ftags&post=74208"}],"curies":[{"name":"wp","href":"https:\/\/api.w.org\/{rel}","templated":true}]}}