{"id":74214,"date":"2025-01-28T05:20:41","date_gmt":"2025-01-28T11:20:41","guid":{"rendered":"https:\/\/elinformante.mx\/?p=74214"},"modified":"2025-01-28T05:20:44","modified_gmt":"2025-01-28T11:20:44","slug":"aprehenden-a-sujeto-por-asesinar-a-su-expareja-sentimental","status":"publish","type":"post","link":"https:\/\/elinformante.mx\/?p=74214","title":{"rendered":"Aprehenden a sujeto por asesinar a su expareja sentimental"},"content":{"rendered":"\n<figure class=\"wp-block-pullquote\"><blockquote><p>Este individuo fue capturado en esta regi\u00f3n de la entidad e ingresado al Centro Penitenciario y de Reinserci\u00f3n Social de Santiaguito en Almoloya de Ju\u00e1rez.<\/p><\/blockquote><\/figure>\n\n\n\n<p class=\"has-drop-cap\">Agentes de la Fiscal\u00eda General de Justicia del Estado de M\u00e9xico (FGJEM) cumplimentaron orden de aprehensi\u00f3n contra Jonathan Lebealthan \u201cN\u201d, quien est\u00e1 se\u00f1alado por su probable intervenci\u00f3n en el delito de feminicidio en grado de tentativa, en agravio de su ex pareja sentimental, una joven de 25 a\u00f1os.<br><\/p>\n\n\n\n<p>Este individuo fue capturado en esta regi\u00f3n de la entidad e ingresado al Centro Penitenciario y de Reinserci\u00f3n Social de Santiaguito en Almoloya de Ju\u00e1rez, a disposici\u00f3n de la Autoridad Judicial, quien habr\u00e1 de determinar su situaci\u00f3n jur\u00eddica.<br><\/p>\n\n\n\n<p>Jonathan Lebealthan \u201cN\u201d, es indagado por hechos perpetrados entre el 14 y 15 de noviembre de 2024, en un inmueble de la colonia Cuarta Cerrada de Lomas Estrella, en el Conjunto Urbano Loma II, en el municipio de Zinacantepec, donde habr\u00eda intentado privar de la vida a la v\u00edctima, tras agredirla f\u00edsicamente.<br><\/p>\n\n\n\n<p>Un familiar del probable implicado se percat\u00f3 de los hechos, por lo que auxili\u00f3 a la v\u00edctima, en tanto que Jonathan Lebealthan \u201cN\u201d, escap\u00f3 del lugar.<br><\/p>\n\n\n\n<p>La Fiscal\u00eda Edom\u00e9x tom\u00f3 conocimiento de los hechos, por lo que fue iniciada la indagatoria correspondiente y recabados datos de prueba, con los cuales el Ministerio P\u00fablico solicit\u00f3 a la Autoridad Judicial librar orden de aprehensi\u00f3n contra el probable implicado.<\/p>\n","protected":false},"excerpt":{"rendered":"<p>Este individuo fue capturado en esta regi\u00f3n de la entidad e ingresado al Centro Penitenciario y de Reinserci\u00f3n Social de Santiaguito en Almoloya de Ju\u00e1rez. Agentes de la Fiscal\u00eda General de Justicia del Estado de M\u00e9xico (FGJEM) cumplimentaron orden de aprehensi\u00f3n contra Jonathan Lebealthan \u201cN\u201d, quien est\u00e1 se\u00f1alado por su probable intervenci\u00f3n en el delito [&hellip;]<\/p>\n","protected":false},"author":1,"featured_media":74215,"comment_status":"closed","ping_status":"closed","sticky":false,"template":"","format":"standard","meta":{"footnotes":""},"categories":[30,36,37],"tags":[],"class_list":["post-74214","post","type-post","status-publish","format-standard","has-post-thumbnail","hentry","category-destacado","category-edomex","category-justicia"],"_links":{"self":[{"href":"https:\/\/elinformante.mx\/index.php?rest_route=\/wp\/v2\/posts\/74214","targetHints":{"allow":["GET"]}}],"collection":[{"href":"https:\/\/elinformante.mx\/index.php?rest_route=\/wp\/v2\/posts"}],"about":[{"href":"https:\/\/elinformante.mx\/index.php?rest_route=\/wp\/v2\/types\/post"}],"author":[{"embeddable":true,"href":"https:\/\/elinformante.mx\/index.php?rest_route=\/wp\/v2\/users\/1"}],"replies":[{"embeddable":true,"href":"https:\/\/elinformante.mx\/index.php?rest_route=%2Fwp%2Fv2%2Fcomments&post=74214"}],"version-history":[{"count":0,"href":"https:\/\/elinformante.mx\/index.php?rest_route=\/wp\/v2\/posts\/74214\/revisions"}],"wp:featuredmedia":[{"embeddable":true,"href":"https:\/\/elinformante.mx\/index.php?rest_route=\/wp\/v2\/media\/74215"}],"wp:attachment":[{"href":"https:\/\/elinformante.mx\/index.php?rest_route=%2Fwp%2Fv2%2Fmedia&parent=74214"}],"wp:term":[{"taxonomy":"category","embeddable":true,"href":"https:\/\/elinformante.mx\/index.php?rest_route=%2Fwp%2Fv2%2Fcategories&post=74214"},{"taxonomy":"post_tag","embeddable":true,"href":"https:\/\/elinformante.mx\/index.php?rest_route=%2Fwp%2Fv2%2Ftags&post=74214"}],"curies":[{"name":"wp","href":"https:\/\/api.w.org\/{rel}","templated":true}]}}