{"id":74242,"date":"2025-01-28T05:39:34","date_gmt":"2025-01-28T11:39:34","guid":{"rendered":"https:\/\/elinformante.mx\/?p=74242"},"modified":"2025-01-28T05:39:50","modified_gmt":"2025-01-28T11:39:50","slug":"semov-presenta-ante-el-banco-interamericano-de-desarrollo-proyectos-de-electromovilidad","status":"publish","type":"post","link":"https:\/\/elinformante.mx\/?p=74242","title":{"rendered":"Semov presenta ante el Banco Interamericano de Desarrollo proyectos de electromovilidad"},"content":{"rendered":"\n<figure class=\"wp-block-pullquote\"><blockquote><p>Daniel Sibaja Gonz\u00e1lez, Secretario de Movilidad, se re\u00fane con representantes del BID, divisi\u00f3n Movilidad.<\/p><\/blockquote><\/figure>\n\n\n\n<p class=\"has-drop-cap\">Para fortalecer la relaci\u00f3n interinstitucional y presentar el proyecto de electromovilidad que implementar\u00e1 el Gobierno de la Maestra Delfina G\u00f3mez \u00c1lvarez, Daniel Sibaja Gonz\u00e1lez, Secretario de Movilidad, se reuni\u00f3 con representantes del Banco Interamericano de Desarrollo (Inter-American Development Bank) BID, divisi\u00f3n Movilidad.<br><\/p>\n\n\n\n<p>Acord\u00f3 continuar con los estudios desarrollados en 2024 para acompa\u00f1ar a la estructuraci\u00f3n t\u00e9cnico-financiera que de viabilidad a los trabajos prioritarios y seguir avanzando en el proceso.<br><\/p>\n\n\n\n<p>Ante Ana Mar\u00eda Pinto, Jefa Global de Movilidad del BID, Daniel Andr\u00e9s Sibaja Gonz\u00e1lez, Secretario de Movilidad, inform\u00f3 que se han llevado a cabo acuerdos con este organismo internacional para que la Semov reciba, a trav\u00e9s de recursos no reembolsarles, asistencia t\u00e9cnica especializada para profesionalizar y mejorar el servicio del transporte p\u00fablico en el Estado de M\u00e9xico.<br><\/p>\n\n\n\n<p>Daniel Sibaja asegur\u00f3 que, con la suma de esfuerzos de organismos internacionales como el BID, autoridades Federales, Estatales, Municipales, iniciativa privada y transportistas, ser\u00e1 posible transitar hacia la electromovilidad de manera sostenible y exitosa.<br><\/p>\n\n\n\n<p>Mencion\u00f3 que se ha desarrollado con el BID una alianza muy importante en temas de asesor\u00eda t\u00e9cnica para la electrificaci\u00f3n del transporte p\u00fablico, la profesionalizaci\u00f3n de los operadores y del servicio, as\u00ed como para la renovaci\u00f3n de la flota vehicular.<br><\/p>\n\n\n\n<p>Coment\u00f3 que el trabajo coordinado tiene el prop\u00f3sito de analizar a detalle los retos, las perspectivas e implicaciones que existen a nivel institucional para implementar una estrategia que facilite la transici\u00f3n hacia una movilidad sostenible y de cero emisiones con veh\u00edculos el\u00e9ctricos, as\u00ed como establecer una infraestructura de carga para este tipo de unidades en la entidad.<br><\/p>\n\n\n\n<p>En la reuni\u00f3n estuvieron presentes M\u00f3nica Mart\u00ednez Cadena, Coordinadora de Seguimiento y An\u00e1lisis de la Semov; Esteban Diez, Consejero Senior de Operaciones de Transporte y Manuel Rodr\u00edguez, especialista Senior de BID Divisi\u00f3n Washington, as\u00ed como Amado Crotte, Jefe Especialista Senior de Transporte en M\u00e9xico y Jorge Narezo, Consultor Senior en Transporte divisi\u00f3n del BID M\u00e9xico.<\/p>\n","protected":false},"excerpt":{"rendered":"<p>Daniel Sibaja Gonz\u00e1lez, Secretario de Movilidad, se re\u00fane con representantes del BID, divisi\u00f3n Movilidad. Para fortalecer la relaci\u00f3n interinstitucional y presentar el proyecto de electromovilidad que implementar\u00e1 el Gobierno de la Maestra Delfina G\u00f3mez \u00c1lvarez, Daniel Sibaja Gonz\u00e1lez, Secretario de Movilidad, se reuni\u00f3 con representantes del Banco Interamericano de Desarrollo (Inter-American Development Bank) BID, divisi\u00f3n [&hellip;]<\/p>\n","protected":false},"author":1,"featured_media":74243,"comment_status":"closed","ping_status":"closed","sticky":false,"template":"","format":"standard","meta":{"footnotes":""},"categories":[30,36],"tags":[],"class_list":["post-74242","post","type-post","status-publish","format-standard","has-post-thumbnail","hentry","category-destacado","category-edomex"],"_links":{"self":[{"href":"https:\/\/elinformante.mx\/index.php?rest_route=\/wp\/v2\/posts\/74242","targetHints":{"allow":["GET"]}}],"collection":[{"href":"https:\/\/elinformante.mx\/index.php?rest_route=\/wp\/v2\/posts"}],"about":[{"href":"https:\/\/elinformante.mx\/index.php?rest_route=\/wp\/v2\/types\/post"}],"author":[{"embeddable":true,"href":"https:\/\/elinformante.mx\/index.php?rest_route=\/wp\/v2\/users\/1"}],"replies":[{"embeddable":true,"href":"https:\/\/elinformante.mx\/index.php?rest_route=%2Fwp%2Fv2%2Fcomments&post=74242"}],"version-history":[{"count":0,"href":"https:\/\/elinformante.mx\/index.php?rest_route=\/wp\/v2\/posts\/74242\/revisions"}],"wp:featuredmedia":[{"embeddable":true,"href":"https:\/\/elinformante.mx\/index.php?rest_route=\/wp\/v2\/media\/74243"}],"wp:attachment":[{"href":"https:\/\/elinformante.mx\/index.php?rest_route=%2Fwp%2Fv2%2Fmedia&parent=74242"}],"wp:term":[{"taxonomy":"category","embeddable":true,"href":"https:\/\/elinformante.mx\/index.php?rest_route=%2Fwp%2Fv2%2Fcategories&post=74242"},{"taxonomy":"post_tag","embeddable":true,"href":"https:\/\/elinformante.mx\/index.php?rest_route=%2Fwp%2Fv2%2Ftags&post=74242"}],"curies":[{"name":"wp","href":"https:\/\/api.w.org\/{rel}","templated":true}]}}