{"id":74245,"date":"2025-01-28T05:45:58","date_gmt":"2025-01-28T11:45:58","guid":{"rendered":"https:\/\/elinformante.mx\/?p=74245"},"modified":"2025-01-28T05:46:06","modified_gmt":"2025-01-28T11:46:06","slug":"disminuyo-en-ecatepec-un-22-la-incidencia-delictiva-delfina-gomez","status":"publish","type":"post","link":"https:\/\/elinformante.mx\/?p=74245","title":{"rendered":"Disminuy\u00f3 en Ecatepec un 22% la incidencia delictiva: Delfina G\u00f3mez"},"content":{"rendered":"\n<figure class=\"wp-block-pullquote\"><blockquote><p>Adem\u00e1s se registran reducciones significativas en delitos de alto impacto, robo con violencia a casa habitaci\u00f3n y robo con violencia a transporte de carga.<\/p><\/blockquote><\/figure>\n\n\n\n<p class=\"has-drop-cap\">En gira de trabajo en el municipio de Ecatepec de Morelos, la Gobernadora Delfina G\u00f3mez \u00c1lvarez encabez\u00f3 la Mesa de Coordinaci\u00f3n para la Construcci\u00f3n de la Paz, destacando la disminuci\u00f3n del 22 por ciento en el total de delitos en esta demarcaci\u00f3n durante los primeros 26 d\u00edas del a\u00f1o respecto al mismo periodo en 2024.<br><\/p>\n\n\n\n<p>En Ecatepec realizamos la Mesa de Coordinaci\u00f3n para la Construcci\u00f3n de la Paz. En esta reuni\u00f3n, la Fiscal\u00eda Edomex comparti\u00f3 informaci\u00f3n sobre el decremento del 22% en el total de delitos en el 2025 con respecto al mismo periodo del a\u00f1o anterior.<br><\/p>\n\n\n\n<p>\u201cSeguimos trabajando en conjunto los tres \u00f3rdenes de gobierno por el bienestar de las familias mexiquenses. El Poder de Servir\u201d, public\u00f3 la Gobernadora Delfina G\u00f3mez \u00c1lvarez en sus redes sociales<br><\/p>\n\n\n\n<p>De acuerdo la Fiscal\u00eda General de Justicia del Estado de M\u00e9xico (FGJEM), el decremento de la incidencia delictiva en Ecatepec abon\u00f3 de manera importante a la reducci\u00f3n de un 4.99 por ciento en los delitos de alto impacto, del 75 por ciento en materia de robo con violencia a casas habitaci\u00f3n y del 66.67 por ciento en lo que respecta al robo con violencia a transporte de carga.<\/p>\n","protected":false},"excerpt":{"rendered":"<p>Adem\u00e1s se registran reducciones significativas en delitos de alto impacto, robo con violencia a casa habitaci\u00f3n y robo con violencia a transporte de carga. En gira de trabajo en el municipio de Ecatepec de Morelos, la Gobernadora Delfina G\u00f3mez \u00c1lvarez encabez\u00f3 la Mesa de Coordinaci\u00f3n para la Construcci\u00f3n de la Paz, destacando la disminuci\u00f3n del [&hellip;]<\/p>\n","protected":false},"author":1,"featured_media":74246,"comment_status":"closed","ping_status":"closed","sticky":false,"template":"","format":"standard","meta":{"footnotes":""},"categories":[30,36,31],"tags":[],"class_list":["post-74245","post","type-post","status-publish","format-standard","has-post-thumbnail","hentry","category-destacado","category-edomex","category-portada"],"_links":{"self":[{"href":"https:\/\/elinformante.mx\/index.php?rest_route=\/wp\/v2\/posts\/74245","targetHints":{"allow":["GET"]}}],"collection":[{"href":"https:\/\/elinformante.mx\/index.php?rest_route=\/wp\/v2\/posts"}],"about":[{"href":"https:\/\/elinformante.mx\/index.php?rest_route=\/wp\/v2\/types\/post"}],"author":[{"embeddable":true,"href":"https:\/\/elinformante.mx\/index.php?rest_route=\/wp\/v2\/users\/1"}],"replies":[{"embeddable":true,"href":"https:\/\/elinformante.mx\/index.php?rest_route=%2Fwp%2Fv2%2Fcomments&post=74245"}],"version-history":[{"count":0,"href":"https:\/\/elinformante.mx\/index.php?rest_route=\/wp\/v2\/posts\/74245\/revisions"}],"wp:featuredmedia":[{"embeddable":true,"href":"https:\/\/elinformante.mx\/index.php?rest_route=\/wp\/v2\/media\/74246"}],"wp:attachment":[{"href":"https:\/\/elinformante.mx\/index.php?rest_route=%2Fwp%2Fv2%2Fmedia&parent=74245"}],"wp:term":[{"taxonomy":"category","embeddable":true,"href":"https:\/\/elinformante.mx\/index.php?rest_route=%2Fwp%2Fv2%2Fcategories&post=74245"},{"taxonomy":"post_tag","embeddable":true,"href":"https:\/\/elinformante.mx\/index.php?rest_route=%2Fwp%2Fv2%2Ftags&post=74245"}],"curies":[{"name":"wp","href":"https:\/\/api.w.org\/{rel}","templated":true}]}}