{"id":74255,"date":"2025-01-28T05:59:44","date_gmt":"2025-01-28T11:59:44","guid":{"rendered":"https:\/\/elinformante.mx\/?p=74255"},"modified":"2025-01-28T05:59:45","modified_gmt":"2025-01-28T11:59:45","slug":"entregan-a-familias-de-tlahuac-cobijas-en-feria-la-ciudad-te-cuida-y-en-invierno-te-cobija","status":"publish","type":"post","link":"https:\/\/elinformante.mx\/?p=74255","title":{"rendered":"Entregan a familias de Tl\u00e1huac cobijas en feria \u201cLa Ciudad te Cuida y en Invierno te Cobija\u201d"},"content":{"rendered":"\n<figure class=\"wp-block-pullquote\"><blockquote><p>Adem\u00e1s de recibir dos cobijas por familia, las personas accedieron a diversos programas y servicios.<\/p><\/blockquote><\/figure>\n\n\n\n<p class=\"has-drop-cap\">El Gobierno de la CDMX a trav\u00e9s de la Secretar\u00eda de Bienestar e Igualdad Social (SEBIEN), realiz\u00f3 la Feria del Bienestar \u201cLa Ciudad te Cuida y en Invierno te Cobija\u201d en la colonia Tempoluli, alcald\u00eda Tl\u00e1huac, donde se entregaron 4 mil cobijas en beneficio de 2 mil familias de esta comunidad.<br><\/p>\n\n\n\n<p>Pablo Y\u00e1\u00f1ez Rizo, secretario de Educaci\u00f3n, Ciencia, Tecnolog\u00eda e Innovaci\u00f3n, indic\u00f3 que por medio de las ferias de Bienestar, que se realizan de lunes a viernes en diversas zonas de la ciudad, la administraci\u00f3n capitalina cumple el compromiso de mantenerse cercana a la poblaci\u00f3n, al llevar hasta sus comunidades servicios y programas para garantizar derechos.<br><\/p>\n\n\n\n<p>Se\u00f1al\u00f3 que: \u201cesta Feria del Bienestar es la feria de los derechos, y en donde no se trata solo de cubrir una necesidad espec\u00edfica, sino m\u00faltiples necesidades, porque as\u00ed son las demandas en los requerimientos de las poblaciones\u201d,<br><\/p>\n\n\n\n<p>En la Feria del Bienestar la poblaci\u00f3n de esta comunidad de Tl\u00e1huac, adem\u00e1s de recibir dos cobijas por familia, las personas accedieron a diversos programas y servicios, como talleres para identificar y prevenir la violencia de g\u00e9nero, participar en actividades f\u00edsicas y l\u00fadicas, adem\u00e1s de adquirir a bajo costo frutas y verduras, por medio del programa del Campo a la Ciudad.<br><\/p>\n\n\n\n<p>Tambi\u00e9n, a trav\u00e9s de m\u00f3dulos de salud, se brind\u00f3 vacunaci\u00f3n contra influenza, t\u00e9tanos y neumococo, y se aplicaron pruebas de glucosa, medici\u00f3n de l\u00edpidos y diagn\u00f3sticos r\u00e1pidos de VIH.<br><\/p>\n\n\n\n<p>Aunado a ello disfrutaron de un espect\u00e1culo de cuentacuentos y payasos, mientras consum\u00edan chocolate caliente y pan. En el mismo sitio se entregaron sillas de ruedas a personas con discapacidad y se brind\u00f3 atenci\u00f3n ciudadana para la solicitud de servicios y programas sociales.<br><\/p>\n\n\n\n<p>En la Feria de Bienestar estuvieron tambi\u00e9n presentes la alcaldesa de Tl\u00e1huac, Berenice Hern\u00e1ndez Calder\u00f3n; la secretaria de las Mujeres, Daptnhe Cuevas Ortiz, y la coordinadora general de Inclusi\u00f3n social de la SEBIEN, Lidia Rodr\u00edguez Ch\u00e1vez.<\/p>\n","protected":false},"excerpt":{"rendered":"<p>Adem\u00e1s de recibir dos cobijas por familia, las personas accedieron a diversos programas y servicios. El Gobierno de la CDMX a trav\u00e9s de la Secretar\u00eda de Bienestar e Igualdad Social (SEBIEN), realiz\u00f3 la Feria del Bienestar \u201cLa Ciudad te Cuida y en Invierno te Cobija\u201d en la colonia Tempoluli, alcald\u00eda Tl\u00e1huac, donde se entregaron 4 [&hellip;]<\/p>\n","protected":false},"author":1,"featured_media":74256,"comment_status":"closed","ping_status":"closed","sticky":false,"template":"","format":"standard","meta":{"footnotes":""},"categories":[35],"tags":[],"class_list":["post-74255","post","type-post","status-publish","format-standard","has-post-thumbnail","hentry","category-cdmx"],"_links":{"self":[{"href":"https:\/\/elinformante.mx\/index.php?rest_route=\/wp\/v2\/posts\/74255","targetHints":{"allow":["GET"]}}],"collection":[{"href":"https:\/\/elinformante.mx\/index.php?rest_route=\/wp\/v2\/posts"}],"about":[{"href":"https:\/\/elinformante.mx\/index.php?rest_route=\/wp\/v2\/types\/post"}],"author":[{"embeddable":true,"href":"https:\/\/elinformante.mx\/index.php?rest_route=\/wp\/v2\/users\/1"}],"replies":[{"embeddable":true,"href":"https:\/\/elinformante.mx\/index.php?rest_route=%2Fwp%2Fv2%2Fcomments&post=74255"}],"version-history":[{"count":0,"href":"https:\/\/elinformante.mx\/index.php?rest_route=\/wp\/v2\/posts\/74255\/revisions"}],"wp:featuredmedia":[{"embeddable":true,"href":"https:\/\/elinformante.mx\/index.php?rest_route=\/wp\/v2\/media\/74256"}],"wp:attachment":[{"href":"https:\/\/elinformante.mx\/index.php?rest_route=%2Fwp%2Fv2%2Fmedia&parent=74255"}],"wp:term":[{"taxonomy":"category","embeddable":true,"href":"https:\/\/elinformante.mx\/index.php?rest_route=%2Fwp%2Fv2%2Fcategories&post=74255"},{"taxonomy":"post_tag","embeddable":true,"href":"https:\/\/elinformante.mx\/index.php?rest_route=%2Fwp%2Fv2%2Ftags&post=74255"}],"curies":[{"name":"wp","href":"https:\/\/api.w.org\/{rel}","templated":true}]}}