{"id":74437,"date":"2025-01-30T05:41:25","date_gmt":"2025-01-30T11:41:25","guid":{"rendered":"https:\/\/elinformante.mx\/?p=74437"},"modified":"2025-01-30T05:41:27","modified_gmt":"2025-01-30T11:41:27","slug":"aumento-en-edomex-la-informalidad-laboral-a-finales-de-2024-inegi","status":"publish","type":"post","link":"https:\/\/elinformante.mx\/?p=74437","title":{"rendered":"Aument\u00f3 en Edom\u00e9x la informalidad laboral a finales de 2024: INEGI"},"content":{"rendered":"\n<figure class=\"wp-block-pullquote\"><blockquote><p>La poblaci\u00f3n ocupada en condiciones de informalidad laboral en M\u00e9xico lleg\u00f3 a los 31.8 millones de personas.<\/p><\/blockquote><\/figure>\n\n\n\n<p class=\"has-drop-cap\">De acuerdo con resultados de la Encuesta Nacional de Ocupaci\u00f3n y Empleo (ENOE), del Instituto Nacional de Geograf\u00eda y Estad\u00edstica (INEGI), en diciembre de 2024, la poblaci\u00f3n ocupada en condiciones de informalidad laboral en M\u00e9xico lleg\u00f3 a los 31.8 millones de personas, esto representa el 53.7 por ciento de la poblaci\u00f3n ocupada.<br><\/p>\n\n\n\n<p>Datos de la misma encuesta, indican que en diciembre de 2024, la tasa de participaci\u00f3n econ\u00f3mica, es decir, el porcentaje de la poblaci\u00f3n que se encontr\u00f3 trabajando o que no tuvo empleo, pero estaba en la b\u00fasqueda activa de uno, se ubic\u00f3 en 59.3 por ciento, pero en el mes de diciembre del 2023, fue de 59.9 por ciento. Asimismo, la ENOE revel\u00f3 que, la tasa de desocupaci\u00f3n se situ\u00f3 en 2.4 por ciento. En el mismo mes de 2023, fue de 2.6 por ciento.<br><\/p>\n\n\n\n<p>La tasa de subocupaci\u00f3n, es decir, el porcentaje de poblaci\u00f3n ocupada que busc\u00f3 ofertar una mayor cantidad de tiempo de trabajo en su ocupaci\u00f3n actual o en un empleo adicional, se estableci\u00f3 en 6.9 por ciento mientras que, en el \u00faltimo mes de 2023, fue de 7.6 por ciento.<br><\/p>\n\n\n\n<p>La tasa de condiciones cr\u00edticas de ocupaci\u00f3n, esta \u00faltima calculada a partir de salarios m\u00ednimos equivalentes, base enero de 2024, fue de 32.0 por ciento. No obstante, en diciembre de 2023, fue de 35.8 por ciento.<br><\/p>\n\n\n\n<p>Por su parte, la tasa de informalidad laboral se ubic\u00f3 en 53.7 %, similar a la registrada en igual mes de 2023.<br><\/p>\n\n\n\n<p>Dentro de la econom\u00eda informal, se considera a quienes trabajan en micronegocios no registrados y en otras actividades fuera de la formalidad, lo que sum\u00f3 16.7 millones de personas y represent\u00f3 el 28.1 por ciento de la poblaci\u00f3n ocupada.<br><\/p>\n\n\n\n<p>Esta cifra reflej\u00f3 un ligero aumento de 0.2 puntos porcentuales con respecto a diciembre de 2023. En zonas urbanas, la tasa de informalidad laboral fue de 42.5 por ciento, mientras que la ocupaci\u00f3n en el sector informal urbano lleg\u00f3 al 24.8 por ciento.<\/p>\n","protected":false},"excerpt":{"rendered":"<p>La poblaci\u00f3n ocupada en condiciones de informalidad laboral en M\u00e9xico lleg\u00f3 a los 31.8 millones de personas. De acuerdo con resultados de la Encuesta Nacional de Ocupaci\u00f3n y Empleo (ENOE), del Instituto Nacional de Geograf\u00eda y Estad\u00edstica (INEGI), en diciembre de 2024, la poblaci\u00f3n ocupada en condiciones de informalidad laboral en M\u00e9xico lleg\u00f3 a los [&hellip;]<\/p>\n","protected":false},"author":1,"featured_media":74438,"comment_status":"closed","ping_status":"closed","sticky":false,"template":"","format":"standard","meta":{"footnotes":""},"categories":[36],"tags":[],"class_list":["post-74437","post","type-post","status-publish","format-standard","has-post-thumbnail","hentry","category-edomex"],"_links":{"self":[{"href":"https:\/\/elinformante.mx\/index.php?rest_route=\/wp\/v2\/posts\/74437","targetHints":{"allow":["GET"]}}],"collection":[{"href":"https:\/\/elinformante.mx\/index.php?rest_route=\/wp\/v2\/posts"}],"about":[{"href":"https:\/\/elinformante.mx\/index.php?rest_route=\/wp\/v2\/types\/post"}],"author":[{"embeddable":true,"href":"https:\/\/elinformante.mx\/index.php?rest_route=\/wp\/v2\/users\/1"}],"replies":[{"embeddable":true,"href":"https:\/\/elinformante.mx\/index.php?rest_route=%2Fwp%2Fv2%2Fcomments&post=74437"}],"version-history":[{"count":0,"href":"https:\/\/elinformante.mx\/index.php?rest_route=\/wp\/v2\/posts\/74437\/revisions"}],"wp:featuredmedia":[{"embeddable":true,"href":"https:\/\/elinformante.mx\/index.php?rest_route=\/wp\/v2\/media\/74438"}],"wp:attachment":[{"href":"https:\/\/elinformante.mx\/index.php?rest_route=%2Fwp%2Fv2%2Fmedia&parent=74437"}],"wp:term":[{"taxonomy":"category","embeddable":true,"href":"https:\/\/elinformante.mx\/index.php?rest_route=%2Fwp%2Fv2%2Fcategories&post=74437"},{"taxonomy":"post_tag","embeddable":true,"href":"https:\/\/elinformante.mx\/index.php?rest_route=%2Fwp%2Fv2%2Ftags&post=74437"}],"curies":[{"name":"wp","href":"https:\/\/api.w.org\/{rel}","templated":true}]}}