{"id":74450,"date":"2025-01-30T05:50:47","date_gmt":"2025-01-30T11:50:47","guid":{"rendered":"https:\/\/elinformante.mx\/?p=74450"},"modified":"2025-01-30T05:50:51","modified_gmt":"2025-01-30T11:50:51","slug":"la-seguridad-juridica-es-clave-para-la-inversion-pjedomex","status":"publish","type":"post","link":"https:\/\/elinformante.mx\/?p=74450","title":{"rendered":"La Seguridad jur\u00eddica es clave para la inversi\u00f3n: PJEdom\u00e9x"},"content":{"rendered":"\n<figure class=\"wp-block-pullquote\"><blockquote><p>Fernando D\u00edaz Ju\u00e1rez, titular del PJEdom\u00e9x, se reuni\u00f3 con empresarios de Canaco Servytur.<\/p><\/blockquote><\/figure>\n\n\n\n<p class=\"has-drop-cap\">\u201cLa iniciativa privada es importante en el desarrollo de toda sociedad, igual que en el marco de la reforma judicial en la que, como Tribunal Superior de Justicia nos corresponde garantizar certidumbre y certeza para las inversiones y la actividad econ\u00f3mica en la entidad\u201d, expres\u00f3 el Magistrado Presidente, Fernando D\u00edaz Ju\u00e1rez.<br><\/p>\n\n\n\n<p>Durante el primer encuentro con empresarios de la C\u00e1mara Nacional de Comercio, Servicios y Turismo del Valle de Toluca Canaco Servytur, el titular del Poder Judicial del Estado de M\u00e9xico indic\u00f3 que la justicia laboral se ha consolidado como referente nacional debido a la resoluci\u00f3n de asuntos en un promedio de siete meses, cuando anteriormente pod\u00eda llevar d\u00e9cadas.<br><\/p>\n\n\n\n<p>\u201cSon buenas noticias tanto para los empleadores como para los trabajadores\u201d, indic\u00f3; al tiempo que subray\u00f3 que el modelo laboral del Edom\u00e9x ha sido adoptado por 27 estados, lo que refleja su \u00e9xito y eficacia.<br><\/p>\n\n\n\n<p>D\u00edaz Ju\u00e1rez refiri\u00f3 que la reforma judicial representa una oportunidad hist\u00f3rica para fortalecer el sistema de justicia y acercarlo a la ciudadan\u00eda. Explic\u00f3 que el nuevo sistema contempla la elecci\u00f3n de jueces y magistrados mediante voto ciudadano; sin embargo, debe exigir una apertura constante al di\u00e1logo con la sociedad.<br><\/p>\n\n\n\n<p>\u201cLa clave de esta reforma ser\u00e1 la cercan\u00eda con la gente; debemos asegurar que el ciudadano sea el eje central de la impartici\u00f3n de justicia\u201d afirm\u00f3 e indic\u00f3 que se estudia la posibilidad de implementar un modelo de gesti\u00f3n, evaluaci\u00f3n y seguimiento que permita medir el impacto de las decisiones judiciales y fortalecer la confianza en la instituci\u00f3n.<br><\/p>\n\n\n\n<p>Respecto a la operatividad del Poder Judicial, el Magistrado Presidente se\u00f1al\u00f3 que el PJEdom\u00e9x registra una de las mayores cargas de trabajo del pa\u00eds, con m\u00e1s de 280 mil asuntos anuales en diversas materias con una resoluci\u00f3n de entre el 70 y 80 por ciento de los casos, lo que demuestra su compromiso con una justicia eficiente y accesible.<br><\/p>\n\n\n\n<p>Por su parte, el Presidente de Canaco Servytur en el Valle de Toluca, Fernando Reyes Mu\u00f1oz, dio la bienvenida al Magistrado Presidente y destac\u00f3 la importancia de la colaboraci\u00f3n entre ambas instituciones para fortalecer un entorno de seguridad jur\u00eddica y confianza para las empresas.<\/p>\n","protected":false},"excerpt":{"rendered":"<p>Fernando D\u00edaz Ju\u00e1rez, titular del PJEdom\u00e9x, se reuni\u00f3 con empresarios de Canaco Servytur. \u201cLa iniciativa privada es importante en el desarrollo de toda sociedad, igual que en el marco de la reforma judicial en la que, como Tribunal Superior de Justicia nos corresponde garantizar certidumbre y certeza para las inversiones y la actividad econ\u00f3mica en [&hellip;]<\/p>\n","protected":false},"author":1,"featured_media":74451,"comment_status":"closed","ping_status":"closed","sticky":false,"template":"","format":"standard","meta":{"footnotes":""},"categories":[36],"tags":[],"class_list":["post-74450","post","type-post","status-publish","format-standard","has-post-thumbnail","hentry","category-edomex"],"_links":{"self":[{"href":"https:\/\/elinformante.mx\/index.php?rest_route=\/wp\/v2\/posts\/74450","targetHints":{"allow":["GET"]}}],"collection":[{"href":"https:\/\/elinformante.mx\/index.php?rest_route=\/wp\/v2\/posts"}],"about":[{"href":"https:\/\/elinformante.mx\/index.php?rest_route=\/wp\/v2\/types\/post"}],"author":[{"embeddable":true,"href":"https:\/\/elinformante.mx\/index.php?rest_route=\/wp\/v2\/users\/1"}],"replies":[{"embeddable":true,"href":"https:\/\/elinformante.mx\/index.php?rest_route=%2Fwp%2Fv2%2Fcomments&post=74450"}],"version-history":[{"count":0,"href":"https:\/\/elinformante.mx\/index.php?rest_route=\/wp\/v2\/posts\/74450\/revisions"}],"wp:featuredmedia":[{"embeddable":true,"href":"https:\/\/elinformante.mx\/index.php?rest_route=\/wp\/v2\/media\/74451"}],"wp:attachment":[{"href":"https:\/\/elinformante.mx\/index.php?rest_route=%2Fwp%2Fv2%2Fmedia&parent=74450"}],"wp:term":[{"taxonomy":"category","embeddable":true,"href":"https:\/\/elinformante.mx\/index.php?rest_route=%2Fwp%2Fv2%2Fcategories&post=74450"},{"taxonomy":"post_tag","embeddable":true,"href":"https:\/\/elinformante.mx\/index.php?rest_route=%2Fwp%2Fv2%2Ftags&post=74450"}],"curies":[{"name":"wp","href":"https:\/\/api.w.org\/{rel}","templated":true}]}}