{"id":74456,"date":"2025-01-30T06:03:21","date_gmt":"2025-01-30T12:03:21","guid":{"rendered":"https:\/\/elinformante.mx\/?p=74456"},"modified":"2025-01-30T06:03:25","modified_gmt":"2025-01-30T12:03:25","slug":"asistencia-privada-ayuda-en-edomex-a-mexiquenses-a-tramitar-certificados-medicos","status":"publish","type":"post","link":"https:\/\/elinformante.mx\/?p=74456","title":{"rendered":"Asistencia Privada ayuda en Edom\u00e9x a mexiquenses a tramitar certificados m\u00e9dicos"},"content":{"rendered":"\n<figure class=\"wp-block-pullquote\"><blockquote><p>Obtienen Certificado Electr\u00f3nico de Discapacidad (CEDis) adscrito al Sistema Nacional de Salud para acceder a programas estatales y\/o federales.<\/p><\/blockquote><\/figure>\n\n\n\n<p class=\"has-drop-cap\">Para mejorar las condiciones de vida de las familias mexiquenses, la Junta de Asistencia Privada del Estado de M\u00e9xico (JAPEM), organismo perteneciente a la Secretar\u00eda de Bienestar, apoya a mexiquenses para obtener su Certificado Electr\u00f3nico de Discapacidad (CEDis), trasladando a quien lo necesita a la sede del Instituto Mexiquense de la Discapacidad (Imedis) m\u00e1s cercana en su municipio.<br><\/p>\n\n\n\n<p>Este documento lo emite un m\u00e9dico especialista en rehabilitaci\u00f3n, adscrito al Sistema Nacional de Salud, que acredita la discapacidad de una persona y que le permite acceder a distintos apoyos, tanto de la administraci\u00f3n estatal como federal.<br><\/p>\n\n\n\n<p>Sergio L\u00f3pez Manjarrez, Secretario Ejecutivo de la JAPEM inform\u00f3 que en la entidad se encuentran constituidas 26 IAP que apoyan a mil 440 personas con discapacidades moderada o severa, brind\u00e1ndoles distintos servicios como educaci\u00f3n especial, rehabilitaci\u00f3n f\u00edsica, atenci\u00f3n psicol\u00f3gica, integraci\u00f3n social, capacitaci\u00f3n para el trabajo y grupos de apoyo para sus familias.<br><\/p>\n\n\n\n<p>Explic\u00f3 que, cada uno de los seis rubros en los que est\u00e1n agrupadas las IAP cuenta con un vocal representante que busca acercar distintos apoyos para robustecer la labor de las instituciones, por lo cual, en el rubro para personas con discapacidad, se coordina la log\u00edstica con la JAPEM para trasladar a los beneficiarios a la sede del Imedis m\u00e1s cercana y retornarlos de manera segura y gratuita.<br><\/p>\n\n\n\n<p>Finalmente, Sergio L\u00f3pez Manjarrez se\u00f1al\u00f3 que se continuar\u00e1 con esta estrategia para apoyar la labor de las instituciones y a las necesidades de los beneficiarios.<\/p>\n","protected":false},"excerpt":{"rendered":"<p>Obtienen Certificado Electr\u00f3nico de Discapacidad (CEDis) adscrito al Sistema Nacional de Salud para acceder a programas estatales y\/o federales. Para mejorar las condiciones de vida de las familias mexiquenses, la Junta de Asistencia Privada del Estado de M\u00e9xico (JAPEM), organismo perteneciente a la Secretar\u00eda de Bienestar, apoya a mexiquenses para obtener su Certificado Electr\u00f3nico de [&hellip;]<\/p>\n","protected":false},"author":1,"featured_media":74457,"comment_status":"closed","ping_status":"closed","sticky":false,"template":"","format":"standard","meta":{"footnotes":""},"categories":[36],"tags":[],"class_list":["post-74456","post","type-post","status-publish","format-standard","has-post-thumbnail","hentry","category-edomex"],"_links":{"self":[{"href":"https:\/\/elinformante.mx\/index.php?rest_route=\/wp\/v2\/posts\/74456","targetHints":{"allow":["GET"]}}],"collection":[{"href":"https:\/\/elinformante.mx\/index.php?rest_route=\/wp\/v2\/posts"}],"about":[{"href":"https:\/\/elinformante.mx\/index.php?rest_route=\/wp\/v2\/types\/post"}],"author":[{"embeddable":true,"href":"https:\/\/elinformante.mx\/index.php?rest_route=\/wp\/v2\/users\/1"}],"replies":[{"embeddable":true,"href":"https:\/\/elinformante.mx\/index.php?rest_route=%2Fwp%2Fv2%2Fcomments&post=74456"}],"version-history":[{"count":0,"href":"https:\/\/elinformante.mx\/index.php?rest_route=\/wp\/v2\/posts\/74456\/revisions"}],"wp:featuredmedia":[{"embeddable":true,"href":"https:\/\/elinformante.mx\/index.php?rest_route=\/wp\/v2\/media\/74457"}],"wp:attachment":[{"href":"https:\/\/elinformante.mx\/index.php?rest_route=%2Fwp%2Fv2%2Fmedia&parent=74456"}],"wp:term":[{"taxonomy":"category","embeddable":true,"href":"https:\/\/elinformante.mx\/index.php?rest_route=%2Fwp%2Fv2%2Fcategories&post=74456"},{"taxonomy":"post_tag","embeddable":true,"href":"https:\/\/elinformante.mx\/index.php?rest_route=%2Fwp%2Fv2%2Ftags&post=74456"}],"curies":[{"name":"wp","href":"https:\/\/api.w.org\/{rel}","templated":true}]}}