{"id":74463,"date":"2025-01-30T06:11:00","date_gmt":"2025-01-30T12:11:00","guid":{"rendered":"https:\/\/elinformante.mx\/?p=74463"},"modified":"2025-01-30T06:12:29","modified_gmt":"2025-01-30T12:12:29","slug":"gem-reitera-su-apoyo-al-imss-para-fortalecer-los-servicios-de-los-mexiquenses-horacio-duarte","status":"publish","type":"post","link":"https:\/\/elinformante.mx\/?p=74463","title":{"rendered":"GEM reitera su apoyo al IMSS para fortalecer los servicios de los mexiquenses: Horacio Duarte"},"content":{"rendered":"\n<figure class=\"wp-block-pullquote\"><blockquote><p>El secretario de Gobierno del Edom\u00e9x asisti\u00f3 a la toma de protesta de nuevos integrantes del Sindicato Nacional de Trabajadores del Seguro Social<\/p><\/blockquote><\/figure>\n\n\n\n<p class=\"has-drop-cap\">El Gobierno encabezado por la Maestra Delfina G\u00f3mez \u00c1lvarez, refrend\u00f3 la coordinaci\u00f3n con el Instituto Mexicano del Seguro Social (IMSS) y sus trabajadores para mantener los beneficios en materia de servicios de salud y seguridad social a millones de mexiquenses.<br><\/p>\n\n\n\n<p>Horacio Duarte Olivares, Secretario General de Gobierno reiter\u00f3 el respaldo del Estado de M\u00e9xico a la Presidenta Claudia Sheinbaum Pardo y a Zo\u00e9 Robledo, Director General del IMSS para hacer todo lo necesario en t\u00e9rminos de pol\u00edtica p\u00fablica para que el IMSS se fortalezca.<br><\/p>\n\n\n\n<figure class=\"wp-block-image size-large\"><img fetchpriority=\"high\" decoding=\"async\" width=\"1024\" height=\"506\" src=\"https:\/\/elinformante.mx\/wp-content\/uploads\/2025\/01\/7gem-2-3-1024x506.jpg\" alt=\"\" class=\"wp-image-74465\" srcset=\"https:\/\/elinformante.mx\/wp-content\/uploads\/2025\/01\/7gem-2-3-1024x506.jpg 1024w, https:\/\/elinformante.mx\/wp-content\/uploads\/2025\/01\/7gem-2-3-300x148.jpg 300w, https:\/\/elinformante.mx\/wp-content\/uploads\/2025\/01\/7gem-2-3-768x379.jpg 768w, https:\/\/elinformante.mx\/wp-content\/uploads\/2025\/01\/7gem-2-3.jpg 1140w\" sizes=\"(max-width: 1024px) 100vw, 1024px\" \/><\/figure>\n\n\n\n<p>Con motivo de la Toma de Protesta de las y los nuevos integrantes de los Comit\u00e9s Ejecutivos Delegacionales de la Secci\u00f3n V estatal del Sindicato Nacional de Trabajadores del Seguro Social (SNTSS), Horacio Duarte Olivares, Secretario General de Gobierno reafirm\u00f3 el apoyo a las iniciativas de las y los trabajadores para ampliar servicios y beneficios para derechohabientes.<br><\/p>\n\n\n\n<p>En el evento, al que tambi\u00e9n asisti\u00f3 el mexiquense Rafael Olivos Hern\u00e1ndez, L\u00edder Nacional y Secretario General del Comit\u00e9 Ejecutivo Nacional del SNTSS, se inaugur\u00f3 un gimnasio y una alberca para el sano esparcimiento de las y los Trabajadores del Seguro Social.<br><\/p>\n\n\n\n<p>Adem\u00e1s, se cont\u00f3 con la presencia de Marcelo Jim\u00e9nez L\u00f3pez, Secretario General de la Secci\u00f3n V Estado de M\u00e9xico del SNTSS, Secretarios del Comit\u00e9 Ejecutivo Nacional, integrantes del cuerpo de Gobierno de la delegaci\u00f3n M\u00e9xico Oriente del IMSS, la Diputada Local Zaira Cedillo y el Diputado Local Luis Valde\u00f1a.<\/p>\n","protected":false},"excerpt":{"rendered":"<p>El secretario de Gobierno del Edom\u00e9x asisti\u00f3 a la toma de protesta de nuevos integrantes del Sindicato Nacional de Trabajadores del Seguro Social El Gobierno encabezado por la Maestra Delfina G\u00f3mez \u00c1lvarez, refrend\u00f3 la coordinaci\u00f3n con el Instituto Mexicano del Seguro Social (IMSS) y sus trabajadores para mantener los beneficios en materia de servicios de [&hellip;]<\/p>\n","protected":false},"author":1,"featured_media":74464,"comment_status":"closed","ping_status":"closed","sticky":false,"template":"","format":"standard","meta":{"footnotes":""},"categories":[30,36,31],"tags":[],"class_list":["post-74463","post","type-post","status-publish","format-standard","has-post-thumbnail","hentry","category-destacado","category-edomex","category-portada"],"_links":{"self":[{"href":"https:\/\/elinformante.mx\/index.php?rest_route=\/wp\/v2\/posts\/74463","targetHints":{"allow":["GET"]}}],"collection":[{"href":"https:\/\/elinformante.mx\/index.php?rest_route=\/wp\/v2\/posts"}],"about":[{"href":"https:\/\/elinformante.mx\/index.php?rest_route=\/wp\/v2\/types\/post"}],"author":[{"embeddable":true,"href":"https:\/\/elinformante.mx\/index.php?rest_route=\/wp\/v2\/users\/1"}],"replies":[{"embeddable":true,"href":"https:\/\/elinformante.mx\/index.php?rest_route=%2Fwp%2Fv2%2Fcomments&post=74463"}],"version-history":[{"count":0,"href":"https:\/\/elinformante.mx\/index.php?rest_route=\/wp\/v2\/posts\/74463\/revisions"}],"wp:featuredmedia":[{"embeddable":true,"href":"https:\/\/elinformante.mx\/index.php?rest_route=\/wp\/v2\/media\/74464"}],"wp:attachment":[{"href":"https:\/\/elinformante.mx\/index.php?rest_route=%2Fwp%2Fv2%2Fmedia&parent=74463"}],"wp:term":[{"taxonomy":"category","embeddable":true,"href":"https:\/\/elinformante.mx\/index.php?rest_route=%2Fwp%2Fv2%2Fcategories&post=74463"},{"taxonomy":"post_tag","embeddable":true,"href":"https:\/\/elinformante.mx\/index.php?rest_route=%2Fwp%2Fv2%2Ftags&post=74463"}],"curies":[{"name":"wp","href":"https:\/\/api.w.org\/{rel}","templated":true}]}}