{"id":74481,"date":"2025-01-30T06:28:04","date_gmt":"2025-01-30T12:28:04","guid":{"rendered":"https:\/\/elinformante.mx\/?p=74481"},"modified":"2025-01-30T06:29:24","modified_gmt":"2025-01-30T12:29:24","slug":"se-instala-la-ventanilla-de-coordinacion-inmobiliaria-en-la-cdmx","status":"publish","type":"post","link":"https:\/\/elinformante.mx\/?p=74481","title":{"rendered":"Se instala la ventanilla de coordinaci\u00f3n inmobiliaria en la CDMX"},"content":{"rendered":"\n<p>&#8220;En el centro se pondr\u00e1 el derecho a la ciudad\u201d, enfatiz\u00f3 el Secretario Encinas.<\/p>\n\n\n\n<p class=\"has-drop-cap\">En la Secretar\u00eda de Planeaci\u00f3n, Ordenamiento Territorial y Coordinaci\u00f3n Metropolitana de la Ciudad de M\u00e9xico (Metr\u00f3polis), se instal\u00f3 formalmente la Ventanilla de Coordinaci\u00f3n Inmobiliaria, la cual permitir\u00e1 agilizar tr\u00e1mites en esta materia y ser\u00e1 un motor del desarrollo planeado de la capital.<br><\/p>\n\n\n\n<p>En reuni\u00f3n privada, encabezada por el Secretario Alejandro Encinas Rodr\u00edguez, titular de Metr\u00f3polis, y por el Secretario de Gobierno, C\u00e9sar Cravioto Romero, se presentaron los lineamientos con los que trabajar\u00e1 esta comisi\u00f3n con el objetivo de tener claridad y eficacia en la operaci\u00f3n de esta mesa.<br><\/p>\n\n\n\n<p>Los proyectos clasificados incluir\u00e1n aquellos con m\u00e1s de 10 mil metros cuadrados de construcci\u00f3n para vivienda; m\u00e1s de 5 mil metros cuadrados para oficinas, comercios, servicios, industria, equipamiento o m\u00e1s de 5 mil metros cuadrados de usos mixtos.<br><\/p>\n\n\n\n<p>La Ventanilla de Coordinaci\u00f3n Inmobiliaria, al otorgar certeza jur\u00eddica y reducir los tiempos y costos para la obtenci\u00f3n de permisos, dar\u00e1 un importante impulso a la econom\u00eda de la ciudad, atraer\u00e1 inversiones y generar\u00e1 empleos. Con ella, los tr\u00e1mites ante el gobierno ser\u00e1n instrumentos de coordinaci\u00f3n y planeaci\u00f3n para el desarrollo, no trabas burocr\u00e1ticas al desarrollo econ\u00f3mico.<br><\/p>\n\n\n\n<p>\u201cEn el centro se pondr\u00e1 el derecho a la ciudad\u201d, enfatiz\u00f3 el Secretario Encinas, \u201cse demostrar\u00e1 que puede haber un equilibrio entre el desarrollo inmobiliario y la sustentabilidad\u201d.<\/p>\n","protected":false},"excerpt":{"rendered":"<p>&#8220;En el centro se pondr\u00e1 el derecho a la ciudad\u201d, enfatiz\u00f3 el Secretario Encinas. En la Secretar\u00eda de Planeaci\u00f3n, Ordenamiento Territorial y Coordinaci\u00f3n Metropolitana de la Ciudad de M\u00e9xico (Metr\u00f3polis), se instal\u00f3 formalmente la Ventanilla de Coordinaci\u00f3n Inmobiliaria, la cual permitir\u00e1 agilizar tr\u00e1mites en esta materia y ser\u00e1 un motor del desarrollo planeado de la [&hellip;]<\/p>\n","protected":false},"author":1,"featured_media":74482,"comment_status":"closed","ping_status":"closed","sticky":false,"template":"","format":"standard","meta":{"footnotes":""},"categories":[35],"tags":[],"class_list":["post-74481","post","type-post","status-publish","format-standard","has-post-thumbnail","hentry","category-cdmx"],"_links":{"self":[{"href":"https:\/\/elinformante.mx\/index.php?rest_route=\/wp\/v2\/posts\/74481","targetHints":{"allow":["GET"]}}],"collection":[{"href":"https:\/\/elinformante.mx\/index.php?rest_route=\/wp\/v2\/posts"}],"about":[{"href":"https:\/\/elinformante.mx\/index.php?rest_route=\/wp\/v2\/types\/post"}],"author":[{"embeddable":true,"href":"https:\/\/elinformante.mx\/index.php?rest_route=\/wp\/v2\/users\/1"}],"replies":[{"embeddable":true,"href":"https:\/\/elinformante.mx\/index.php?rest_route=%2Fwp%2Fv2%2Fcomments&post=74481"}],"version-history":[{"count":0,"href":"https:\/\/elinformante.mx\/index.php?rest_route=\/wp\/v2\/posts\/74481\/revisions"}],"wp:featuredmedia":[{"embeddable":true,"href":"https:\/\/elinformante.mx\/index.php?rest_route=\/wp\/v2\/media\/74482"}],"wp:attachment":[{"href":"https:\/\/elinformante.mx\/index.php?rest_route=%2Fwp%2Fv2%2Fmedia&parent=74481"}],"wp:term":[{"taxonomy":"category","embeddable":true,"href":"https:\/\/elinformante.mx\/index.php?rest_route=%2Fwp%2Fv2%2Fcategories&post=74481"},{"taxonomy":"post_tag","embeddable":true,"href":"https:\/\/elinformante.mx\/index.php?rest_route=%2Fwp%2Fv2%2Ftags&post=74481"}],"curies":[{"name":"wp","href":"https:\/\/api.w.org\/{rel}","templated":true}]}}