{"id":74495,"date":"2025-01-30T06:40:47","date_gmt":"2025-01-30T12:40:47","guid":{"rendered":"https:\/\/elinformante.mx\/?p=74495"},"modified":"2025-01-30T06:40:49","modified_gmt":"2025-01-30T12:40:49","slug":"exigen-choferes-de-acapulco-a-evelyn-salgado-seguridad-ante-ola-de-ataques","status":"publish","type":"post","link":"https:\/\/elinformante.mx\/?p=74495","title":{"rendered":"Exigen choferes de Acapulco a Evelyn Salgado seguridad ante ola de ataques"},"content":{"rendered":"\n<figure class=\"wp-block-pullquote\"><blockquote><p>Los conductores del transporte p\u00fablico se manifestaron con pancartas y atravesaron sus unidades en el principal acceso a este destino tur\u00edstico.<\/p><\/blockquote><\/figure>\n\n\n\n<p class=\"has-drop-cap\">Choferes del transporte p\u00fablico de Acapulco, Guerrero, exigieron a la gobernadora Evelyn Salgado y la presidenta Claudia Sheinbaum se detengan los ataques y asesinatos en su contra.<br><\/p>\n\n\n\n<p>M\u00e1s de 50 trabajadores del volante de ruta de la periferia del puerto bloquearon el bulevar Vicente Guerrero para demandar garant\u00edas de seguridad para trabajar.<br><\/p>\n\n\n\n<p>Los conductores del transporte p\u00fablico se manifestaron con pancartas y atravesaron sus unidades en el principal acceso a este destino tur\u00edstico.<br><\/p>\n\n\n\n<p>Con consignas de \u00bfCu\u00e1ntos taxistas m\u00e1s tienen que morir para que nos hagan caso?, reclamaron a los gobiernos su atenci\u00f3n.<br><\/p>\n\n\n\n<p>\u201cSe\u00f1ora gobernadora: cu\u00e1ntos taxistas m\u00e1s tienen que morir para que nos hagan caso\u201d, \u201cSomos transportistas, queremos trabajar\u201d y \u201cExigimos seguridad para los transportistas\u201d.<br><\/p>\n\n\n\n<figure class=\"wp-block-image size-large\"><img fetchpriority=\"high\" decoding=\"async\" width=\"1024\" height=\"506\" src=\"https:\/\/elinformante.mx\/wp-content\/uploads\/2025\/01\/4guerrero-3-1024x506.jpg\" alt=\"\" class=\"wp-image-74497\" srcset=\"https:\/\/elinformante.mx\/wp-content\/uploads\/2025\/01\/4guerrero-3-1024x506.jpg 1024w, https:\/\/elinformante.mx\/wp-content\/uploads\/2025\/01\/4guerrero-3-300x148.jpg 300w, https:\/\/elinformante.mx\/wp-content\/uploads\/2025\/01\/4guerrero-3-768x379.jpg 768w, https:\/\/elinformante.mx\/wp-content\/uploads\/2025\/01\/4guerrero-3.jpg 1140w\" sizes=\"(max-width: 1024px) 100vw, 1024px\" \/><\/figure>\n\n\n\n<p>Choferes de camiones solicitaron a la Guardia Nacional vigilancia permanente en sus trayectos de las principales rutas de la zona urbana.<br><\/p>\n\n\n\n<p>En el mismo contexto, este mediod\u00eda un enfrentamiento entre polic\u00edas y militares contra civiles armados dej\u00f3 como saldo al menos un pistolero muerto y otros dos detenidos, as\u00ed como el decomiso de armas. Las autoridades no han precisado el saldo oficial de la refriega.<br><\/p>\n\n\n\n<p>El pasado lunes fue asesinado a balazos el chofer de un taxi de la ruta conocida como Alimentadora. En el ataque una mujer embarazada result\u00f3 herida.<br><\/p>\n\n\n\n<p>En otro hecho de violencia de este mi\u00e9rcoles en Acapulco, a las 11:40 horas agentes policiales fueron agredidos a<br><\/p>\n\n\n\n<p>En 2024 al menos 26 choferes de taxis, camiones y camionetas de transporte p\u00fablico fueron asesinados durante su jornada laboral. Tambi\u00e9n fueron incendiadas sus unidades.<br><\/p>\n\n\n\n<p>En este a\u00f1o se han registrado al menos 43 homicidios dolosos en el puerto; entre las v\u00edctimas hay transportistas y tres trabajadores de las empresas Corona, Coca Cola y Fud.<\/p>\n","protected":false},"excerpt":{"rendered":"<p>Los conductores del transporte p\u00fablico se manifestaron con pancartas y atravesaron sus unidades en el principal acceso a este destino tur\u00edstico. Choferes del transporte p\u00fablico de Acapulco, Guerrero, exigieron a la gobernadora Evelyn Salgado y la presidenta Claudia Sheinbaum se detengan los ataques y asesinatos en su contra. M\u00e1s de 50 trabajadores del volante de [&hellip;]<\/p>\n","protected":false},"author":1,"featured_media":74496,"comment_status":"closed","ping_status":"closed","sticky":false,"template":"","format":"standard","meta":{"footnotes":""},"categories":[34],"tags":[],"class_list":["post-74495","post","type-post","status-publish","format-standard","has-post-thumbnail","hentry","category-nacional"],"_links":{"self":[{"href":"https:\/\/elinformante.mx\/index.php?rest_route=\/wp\/v2\/posts\/74495","targetHints":{"allow":["GET"]}}],"collection":[{"href":"https:\/\/elinformante.mx\/index.php?rest_route=\/wp\/v2\/posts"}],"about":[{"href":"https:\/\/elinformante.mx\/index.php?rest_route=\/wp\/v2\/types\/post"}],"author":[{"embeddable":true,"href":"https:\/\/elinformante.mx\/index.php?rest_route=\/wp\/v2\/users\/1"}],"replies":[{"embeddable":true,"href":"https:\/\/elinformante.mx\/index.php?rest_route=%2Fwp%2Fv2%2Fcomments&post=74495"}],"version-history":[{"count":0,"href":"https:\/\/elinformante.mx\/index.php?rest_route=\/wp\/v2\/posts\/74495\/revisions"}],"wp:featuredmedia":[{"embeddable":true,"href":"https:\/\/elinformante.mx\/index.php?rest_route=\/wp\/v2\/media\/74496"}],"wp:attachment":[{"href":"https:\/\/elinformante.mx\/index.php?rest_route=%2Fwp%2Fv2%2Fmedia&parent=74495"}],"wp:term":[{"taxonomy":"category","embeddable":true,"href":"https:\/\/elinformante.mx\/index.php?rest_route=%2Fwp%2Fv2%2Fcategories&post=74495"},{"taxonomy":"post_tag","embeddable":true,"href":"https:\/\/elinformante.mx\/index.php?rest_route=%2Fwp%2Fv2%2Ftags&post=74495"}],"curies":[{"name":"wp","href":"https:\/\/api.w.org\/{rel}","templated":true}]}}