{"id":74499,"date":"2025-01-30T06:42:14","date_gmt":"2025-01-30T12:42:14","guid":{"rendered":"https:\/\/elinformante.mx\/?p=74499"},"modified":"2025-01-30T06:42:18","modified_gmt":"2025-01-30T12:42:18","slug":"mara-lezama-y-omar-garcia-harfuch-fortalecen-estrategia-de-seguridad-en-quintana-roo","status":"publish","type":"post","link":"https:\/\/elinformante.mx\/?p=74499","title":{"rendered":"Mara Lezama y Omar Garc\u00eda Harfuch fortalecen estrategia de seguridad en Quintana Roo"},"content":{"rendered":"\n<figure class=\"wp-block-pullquote\"><blockquote><p>La gobernadora de Quintana Roo y el secretario de Seguridad y Protecci\u00f3n Ciudadana definen acciones prioritarias para los pr\u00f3ximos d\u00edas<\/p><\/blockquote><\/figure>\n\n\n\n<p class=\"has-drop-cap\">La gobernadora Mara Lezama Espinosa se reuni\u00f3 hoy con el secretario de Seguridad y Protecci\u00f3n Ciudadana, Omar Garc\u00eda Harfuch, para fortalecer acciones en Quintana Roo para la Construcci\u00f3n de Paz.<br><\/p>\n\n\n\n<p>Durante esta reuni\u00f3n, Mara Lezama y Garc\u00eda Harfuch abordaron la estrategia de seguridad para Quintana Roo y las acciones prioritarias para los siguientes d\u00edas.<br><\/p>\n\n\n\n<figure class=\"wp-block-image size-large\"><img fetchpriority=\"high\" decoding=\"async\" width=\"1024\" height=\"506\" src=\"https:\/\/elinformante.mx\/wp-content\/uploads\/2025\/01\/4quinta-2-10-1024x506.jpeg\" alt=\"\" class=\"wp-image-74501\" srcset=\"https:\/\/elinformante.mx\/wp-content\/uploads\/2025\/01\/4quinta-2-10-1024x506.jpeg 1024w, https:\/\/elinformante.mx\/wp-content\/uploads\/2025\/01\/4quinta-2-10-300x148.jpeg 300w, https:\/\/elinformante.mx\/wp-content\/uploads\/2025\/01\/4quinta-2-10-768x379.jpeg 768w, https:\/\/elinformante.mx\/wp-content\/uploads\/2025\/01\/4quinta-2-10.jpeg 1140w\" sizes=\"(max-width: 1024px) 100vw, 1024px\" \/><\/figure>\n\n\n\n<p>Asimismo, el an\u00e1lisis del marco jur\u00eddico del Estado, como ejemplo a nivel nacional de las atribuciones y estructura org\u00e1nica de la Secretar\u00eda de Seguridad Ciudadana (SSC) y la Fiscal\u00eda General del Estado (FGE).<br><\/p>\n\n\n\n<p>La gobernadora Mara Lezama reiter\u00f3 que la Construcci\u00f3n de Paz es prioridad en este gobierno diferente, humanista con coraz\u00f3n feminista, que tiene a las personas en el centro de sus acciones, como se establece en el Nuevo Acuerdo por el Bienestar y Desarrollo de Quintana Roo.<\/p>\n","protected":false},"excerpt":{"rendered":"<p>La gobernadora de Quintana Roo y el secretario de Seguridad y Protecci\u00f3n Ciudadana definen acciones prioritarias para los pr\u00f3ximos d\u00edas La gobernadora Mara Lezama Espinosa se reuni\u00f3 hoy con el secretario de Seguridad y Protecci\u00f3n Ciudadana, Omar Garc\u00eda Harfuch, para fortalecer acciones en Quintana Roo para la Construcci\u00f3n de Paz. Durante esta reuni\u00f3n, Mara Lezama [&hellip;]<\/p>\n","protected":false},"author":1,"featured_media":74500,"comment_status":"closed","ping_status":"closed","sticky":false,"template":"","format":"standard","meta":{"footnotes":""},"categories":[30,34],"tags":[],"class_list":["post-74499","post","type-post","status-publish","format-standard","has-post-thumbnail","hentry","category-destacado","category-nacional"],"_links":{"self":[{"href":"https:\/\/elinformante.mx\/index.php?rest_route=\/wp\/v2\/posts\/74499","targetHints":{"allow":["GET"]}}],"collection":[{"href":"https:\/\/elinformante.mx\/index.php?rest_route=\/wp\/v2\/posts"}],"about":[{"href":"https:\/\/elinformante.mx\/index.php?rest_route=\/wp\/v2\/types\/post"}],"author":[{"embeddable":true,"href":"https:\/\/elinformante.mx\/index.php?rest_route=\/wp\/v2\/users\/1"}],"replies":[{"embeddable":true,"href":"https:\/\/elinformante.mx\/index.php?rest_route=%2Fwp%2Fv2%2Fcomments&post=74499"}],"version-history":[{"count":0,"href":"https:\/\/elinformante.mx\/index.php?rest_route=\/wp\/v2\/posts\/74499\/revisions"}],"wp:featuredmedia":[{"embeddable":true,"href":"https:\/\/elinformante.mx\/index.php?rest_route=\/wp\/v2\/media\/74500"}],"wp:attachment":[{"href":"https:\/\/elinformante.mx\/index.php?rest_route=%2Fwp%2Fv2%2Fmedia&parent=74499"}],"wp:term":[{"taxonomy":"category","embeddable":true,"href":"https:\/\/elinformante.mx\/index.php?rest_route=%2Fwp%2Fv2%2Fcategories&post=74499"},{"taxonomy":"post_tag","embeddable":true,"href":"https:\/\/elinformante.mx\/index.php?rest_route=%2Fwp%2Fv2%2Ftags&post=74499"}],"curies":[{"name":"wp","href":"https:\/\/api.w.org\/{rel}","templated":true}]}}