{"id":74544,"date":"2025-01-31T05:49:48","date_gmt":"2025-01-31T11:49:48","guid":{"rendered":"https:\/\/elinformante.mx\/?p=74544"},"modified":"2025-01-31T05:49:50","modified_gmt":"2025-01-31T11:49:50","slug":"imej-trabaja-en-todos-los-municipios-mexiquenses-para-impulsar-el-desarrollo-de-las-juventudes","status":"publish","type":"post","link":"https:\/\/elinformante.mx\/?p=74544","title":{"rendered":"IMEJ trabaja en todos los municipios mexiquenses para impulsar el desarrollo de las juventudes"},"content":{"rendered":"\n<figure class=\"wp-block-pullquote\"><blockquote><p>El objetivo es generar acciones orientadas a las estrategias y prioridades de la pol\u00edtica p\u00fablica enfocada en este n\u00facleo de la poblaci\u00f3n.<\/p><\/blockquote><\/figure>\n\n\n\n<p class=\"has-drop-cap\">El Gobierno del Estado de M\u00e9xico, a trav\u00e9s del Instituto Mexiquense de la Juventud (IMEJ), trabaja de forma cercana con los 125 municipios para que dispongan de espacios dedicados al desarrollo e impulso de este sector de la poblaci\u00f3n.<br><\/p>\n\n\n\n<p>En este contexto, el IMEJ realiza reuniones de trabajo con los ayuntamientos para dar a conocer las actividades realizadas por este organismo, tales como concursos deportivos, actividades culturales y talleres de prevenci\u00f3n del embarazo adolescente, entre otros.<br><\/p>\n\n\n\n<figure class=\"wp-block-image size-large\"><img fetchpriority=\"high\" decoding=\"async\" width=\"1024\" height=\"506\" src=\"https:\/\/elinformante.mx\/wp-content\/uploads\/2025\/01\/11imej-2-1024x506.jpg\" alt=\"\" class=\"wp-image-74546\" srcset=\"https:\/\/elinformante.mx\/wp-content\/uploads\/2025\/01\/11imej-2-1024x506.jpg 1024w, https:\/\/elinformante.mx\/wp-content\/uploads\/2025\/01\/11imej-2-300x148.jpg 300w, https:\/\/elinformante.mx\/wp-content\/uploads\/2025\/01\/11imej-2-768x379.jpg 768w, https:\/\/elinformante.mx\/wp-content\/uploads\/2025\/01\/11imej-2.jpg 1140w\" sizes=\"(max-width: 1024px) 100vw, 1024px\" \/><\/figure>\n\n\n\n<p>Con ello, este organismo promueve el trabajo coordinado entre los distintos \u00f3rdenes de gobierno trazando metas como la capacitaci\u00f3n, expresi\u00f3n cultural y art\u00edstica, as\u00ed como la salud de la poblaci\u00f3n joven que son algunos de los temas que se abordan con los ayuntamientos.<br><\/p>\n\n\n\n<p>Lo anterior, con base en la Ley de la Juventud del Estado de M\u00e9xico, que establece al IMEJ como un organismo p\u00fablico descentralizado, cuyo objetivo primordial es garantizar el desarrollo integral de las juventudes en la entidad al otorgarles herramientas \u00fatiles para su superaci\u00f3n e inserci\u00f3n en los diversos \u00e1mbitos de la sociedad.<br><\/p>\n\n\n\n<p>Del 7 al 28 de febrero se realizar\u00e1n los Encuentros Regionales de Instancias Municipales de Juventud, para generar una planeaci\u00f3n y seguimiento a las acciones gubernamentales.<\/p>\n","protected":false},"excerpt":{"rendered":"<p>El objetivo es generar acciones orientadas a las estrategias y prioridades de la pol\u00edtica p\u00fablica enfocada en este n\u00facleo de la poblaci\u00f3n. El Gobierno del Estado de M\u00e9xico, a trav\u00e9s del Instituto Mexiquense de la Juventud (IMEJ), trabaja de forma cercana con los 125 municipios para que dispongan de espacios dedicados al desarrollo e impulso [&hellip;]<\/p>\n","protected":false},"author":1,"featured_media":74545,"comment_status":"closed","ping_status":"closed","sticky":false,"template":"","format":"standard","meta":{"footnotes":""},"categories":[36],"tags":[],"class_list":["post-74544","post","type-post","status-publish","format-standard","has-post-thumbnail","hentry","category-edomex"],"_links":{"self":[{"href":"https:\/\/elinformante.mx\/index.php?rest_route=\/wp\/v2\/posts\/74544","targetHints":{"allow":["GET"]}}],"collection":[{"href":"https:\/\/elinformante.mx\/index.php?rest_route=\/wp\/v2\/posts"}],"about":[{"href":"https:\/\/elinformante.mx\/index.php?rest_route=\/wp\/v2\/types\/post"}],"author":[{"embeddable":true,"href":"https:\/\/elinformante.mx\/index.php?rest_route=\/wp\/v2\/users\/1"}],"replies":[{"embeddable":true,"href":"https:\/\/elinformante.mx\/index.php?rest_route=%2Fwp%2Fv2%2Fcomments&post=74544"}],"version-history":[{"count":0,"href":"https:\/\/elinformante.mx\/index.php?rest_route=\/wp\/v2\/posts\/74544\/revisions"}],"wp:featuredmedia":[{"embeddable":true,"href":"https:\/\/elinformante.mx\/index.php?rest_route=\/wp\/v2\/media\/74545"}],"wp:attachment":[{"href":"https:\/\/elinformante.mx\/index.php?rest_route=%2Fwp%2Fv2%2Fmedia&parent=74544"}],"wp:term":[{"taxonomy":"category","embeddable":true,"href":"https:\/\/elinformante.mx\/index.php?rest_route=%2Fwp%2Fv2%2Fcategories&post=74544"},{"taxonomy":"post_tag","embeddable":true,"href":"https:\/\/elinformante.mx\/index.php?rest_route=%2Fwp%2Fv2%2Ftags&post=74544"}],"curies":[{"name":"wp","href":"https:\/\/api.w.org\/{rel}","templated":true}]}}