{"id":74551,"date":"2025-01-31T05:53:28","date_gmt":"2025-01-31T11:53:28","guid":{"rendered":"https:\/\/elinformante.mx\/?p=74551"},"modified":"2025-01-31T05:53:29","modified_gmt":"2025-01-31T11:53:29","slug":"cepanaf-y-probosque-firman-convenio-para-la-conservacion-y-restauracion-ambiental","status":"publish","type":"post","link":"https:\/\/elinformante.mx\/?p=74551","title":{"rendered":"Cepanaf y Probosque firman convenio para la conservaci\u00f3n y restauraci\u00f3n ambiental"},"content":{"rendered":"\n<figure class=\"wp-block-pullquote\"><blockquote><p>-Se trabajar\u00e1 en la protecci\u00f3n de cuencas hidrol\u00f3gicas, restauraci\u00f3n de vegetaci\u00f3n, prevenci\u00f3n y combate de incendios, capacitaci\u00f3n, entre otras acciones.<\/p><\/blockquote><\/figure>\n\n\n\n<p class=\"has-drop-cap\">La Comisi\u00f3n Estatal de Parques Naturales y de la Fauna (Cepanaf) firm\u00f3, por primera vez, un convenio de colaboraci\u00f3n con la Protectora de Bosques del Estado de M\u00e9xico (Probosque) para fortalecer las acciones de conservaci\u00f3n y restauraci\u00f3n de los ecosistemas en la entidad.<br><\/p>\n\n\n\n<p>Ambas instituciones suman esfuerzos para establecer una estrategia integral enfocada en la protecci\u00f3n de cuencas hidrol\u00f3gicas, la restauraci\u00f3n de vegetaci\u00f3n riparia, la prevenci\u00f3n y combate de incendios forestales, as\u00ed como en el control de plagas y enfermedades que amenazan los bosques.<br><\/p>\n\n\n\n<p>El convenio tambi\u00e9n contempla la capacitaci\u00f3n de brigadas, la promoci\u00f3n de proyectos de restauraci\u00f3n ecol\u00f3gica y la detecci\u00f3n oportuna de cambios de uso de suelo en \u00c1reas Naturales Protegidas.<br><\/p>\n\n\n\n<p>Durante la firma del acuerdo, Alma Diana Tapia Maya, Directora General de la Cepanaf, acompa\u00f1ada de su hom\u00f3logo de Probosque, Alejandro Santiago S\u00e1nchez V\u00e9lez, se\u00f1al\u00f3 que esta alianza refleja el compromiso de la Gobernadora Delfina G\u00f3mez \u00c1lvarez con el medio ambiente y la preservaci\u00f3n del patrimonio natural.<br><\/p>\n\n\n\n<p>El convenio tendr\u00e1 una vigencia de cinco a\u00f1os, hasta el 14 de septiembre de 2029, periodo en el que se desarrollar\u00e1n acciones que permitan a las futuras generaciones disfrutar de un entorno equilibrado y resiliente.<br><\/p>\n\n\n\n<p>Alejandro Santiago S\u00e1nchez V\u00e9lez, Director General de Probosque, destac\u00f3 el trabajo interinstitucional logrado, as\u00ed como la coordinaci\u00f3n con la sociedad civil a trav\u00e9s de los n\u00facleos agrarios y los ayuntamientos, quienes, adem\u00e1s de participar en el combate al fuego, colaboran en tareas de reforestaci\u00f3n.<br><\/p>\n\n\n\n<p>Durante la firma del convenio, realizada en las instalaciones de la Cepanaf, tambi\u00e9n estuvieron presentes: Miguel Hurtado Cort\u00e9s, Jefe del Departamento de Manejo Forestal Comunitario de la Comisi\u00f3n Nacional Forestal (CONAFOR); e Irma Guadalupe Salazar Cerda, Subdirectora de Atenci\u00f3n y Gesti\u00f3n de \u00c1reas Naturales Protegidas de la Cepanaf.<\/p>\n","protected":false},"excerpt":{"rendered":"<p>-Se trabajar\u00e1 en la protecci\u00f3n de cuencas hidrol\u00f3gicas, restauraci\u00f3n de vegetaci\u00f3n, prevenci\u00f3n y combate de incendios, capacitaci\u00f3n, entre otras acciones. La Comisi\u00f3n Estatal de Parques Naturales y de la Fauna (Cepanaf) firm\u00f3, por primera vez, un convenio de colaboraci\u00f3n con la Protectora de Bosques del Estado de M\u00e9xico (Probosque) para fortalecer las acciones de conservaci\u00f3n [&hellip;]<\/p>\n","protected":false},"author":1,"featured_media":74552,"comment_status":"closed","ping_status":"closed","sticky":false,"template":"","format":"standard","meta":{"footnotes":""},"categories":[36],"tags":[],"class_list":["post-74551","post","type-post","status-publish","format-standard","has-post-thumbnail","hentry","category-edomex"],"_links":{"self":[{"href":"https:\/\/elinformante.mx\/index.php?rest_route=\/wp\/v2\/posts\/74551","targetHints":{"allow":["GET"]}}],"collection":[{"href":"https:\/\/elinformante.mx\/index.php?rest_route=\/wp\/v2\/posts"}],"about":[{"href":"https:\/\/elinformante.mx\/index.php?rest_route=\/wp\/v2\/types\/post"}],"author":[{"embeddable":true,"href":"https:\/\/elinformante.mx\/index.php?rest_route=\/wp\/v2\/users\/1"}],"replies":[{"embeddable":true,"href":"https:\/\/elinformante.mx\/index.php?rest_route=%2Fwp%2Fv2%2Fcomments&post=74551"}],"version-history":[{"count":0,"href":"https:\/\/elinformante.mx\/index.php?rest_route=\/wp\/v2\/posts\/74551\/revisions"}],"wp:featuredmedia":[{"embeddable":true,"href":"https:\/\/elinformante.mx\/index.php?rest_route=\/wp\/v2\/media\/74552"}],"wp:attachment":[{"href":"https:\/\/elinformante.mx\/index.php?rest_route=%2Fwp%2Fv2%2Fmedia&parent=74551"}],"wp:term":[{"taxonomy":"category","embeddable":true,"href":"https:\/\/elinformante.mx\/index.php?rest_route=%2Fwp%2Fv2%2Fcategories&post=74551"},{"taxonomy":"post_tag","embeddable":true,"href":"https:\/\/elinformante.mx\/index.php?rest_route=%2Fwp%2Fv2%2Ftags&post=74551"}],"curies":[{"name":"wp","href":"https:\/\/api.w.org\/{rel}","templated":true}]}}