{"id":74554,"date":"2025-01-31T05:56:55","date_gmt":"2025-01-31T11:56:55","guid":{"rendered":"https:\/\/elinformante.mx\/?p=74554"},"modified":"2025-01-31T05:56:58","modified_gmt":"2025-01-31T11:56:58","slug":"ofrecera-uap-de-la-uaemex-en-ixtapan-de-la-sal-carreras-de-ingenieria-en-computacion-y-contaduria","status":"publish","type":"post","link":"https:\/\/elinformante.mx\/?p=74554","title":{"rendered":"Ofrecer\u00e1 UAP de la UAEM\u00e9x en Ixtapan de la Sal carreras de Ingenier\u00eda en Computaci\u00f3n y Contadur\u00eda"},"content":{"rendered":"\n<figure class=\"wp-block-pullquote\"><blockquote><p>Con este nuevo espacio avanza la descentralizaci\u00f3n de la instituci\u00f3n y ampl\u00eda el n\u00famero de oportunidades para las juventudes del sur mexiquense.<\/p><\/blockquote><\/figure>\n\n\n\n<p class=\"has-drop-cap\">El rector de la Universidad Aut\u00f3noma del Estado de M\u00e9xico (UAEM\u00e9x), Carlos Eduardo Barrera D\u00edaz, junto con la presidenta municipal ixtapense, Jessica Rosal\u00edo Embriz, visitaron el nuevo espacio destinado para construir una Unidad Acad\u00e9mica Profesional en el municipio de Ixtapan de la Sal, donde se ofertar\u00e1n las licenciaturas en Ingenier\u00eda en Computaci\u00f3n y en Contadur\u00eda, con el prop\u00f3sito de acercar estudios profesionales a m\u00e1s j\u00f3venes mexiquenses.<br><\/p>\n\n\n\n<p>En las instalaciones ubicadas en el municipio del sur de la entidad, el rector destac\u00f3 que con la construcci\u00f3n de esta nueva sede universitaria, la UAEM\u00e9x avanza en la descentralizaci\u00f3n de la educaci\u00f3n superior en el estado, permitiendo que m\u00e1s estudiantes de la regi\u00f3n sur accedan a programas de calidad sin necesidad de desplazarse a otras localidades.<br><\/p>\n\n\n\n<p>Rosal\u00edo Embriz egresada de la Licenciatura en Arquitectura de la Aut\u00f3noma mexiquense, destac\u00f3 la importancia de esta iniciativa para el desarrollo profesional y social de la regi\u00f3n.<br><\/p>\n\n\n\n<figure class=\"wp-block-image size-large\"><img fetchpriority=\"high\" decoding=\"async\" width=\"1024\" height=\"506\" src=\"https:\/\/elinformante.mx\/wp-content\/uploads\/2025\/01\/10uap-2-1-1024x506.jpg\" alt=\"\" class=\"wp-image-74556\" srcset=\"https:\/\/elinformante.mx\/wp-content\/uploads\/2025\/01\/10uap-2-1-1024x506.jpg 1024w, https:\/\/elinformante.mx\/wp-content\/uploads\/2025\/01\/10uap-2-1-300x148.jpg 300w, https:\/\/elinformante.mx\/wp-content\/uploads\/2025\/01\/10uap-2-1-768x379.jpg 768w, https:\/\/elinformante.mx\/wp-content\/uploads\/2025\/01\/10uap-2-1.jpg 1140w\" sizes=\"(max-width: 1024px) 100vw, 1024px\" \/><\/figure>\n\n\n\n<p>\u201cLa presencia de la UAEM\u00e9x con una Unidad Acad\u00e9mica aqu\u00ed, no solamente representa una oportunidad para los j\u00f3venes, sino tambi\u00e9n marca el desarrollo de nuestro municipio, gracias a la suma de voluntades entre la Universidad y el gobierno estatal y municipal\u201d, detall\u00f3.<br><\/p>\n\n\n\n<p>La oferta educativa de la nueva Unidad Acad\u00e9mica Profesional de Ixtapan de la Sal, al igual que las opciones en bachillerato, licenciatura y estudios avanzados para el Ciclo Escolar 2025-2026, pueden ser consultados en el siguiente link: https:\/\/bit.ly\/42AqfUS.<br><\/p>\n\n\n\n<p>Actualmente, la UAEM\u00e9x cuenta con siete Unidades Acad\u00e9micas Profesionales ubicadas en los municipios de Acolman, Chimalhuac\u00e1n, Huehuetoca, Cuautitl\u00e1n Izcalli, Tejupilco, Tianguistenco y Tlalnepantla, a las que se sumar\u00e1 Ixtapan de la Sal; as\u00ed como de 11 Centros Universitarios en Valle de Teotihuacan, Amecameca, Ecatepec, Nezahualc\u00f3yotl, Texcoco, Valle de Chalco, Zumpango, Tenancingo, Atlacomulco, Temascaltepec y Valle de M\u00e9xico.<\/p>\n","protected":false},"excerpt":{"rendered":"<p>Con este nuevo espacio avanza la descentralizaci\u00f3n de la instituci\u00f3n y ampl\u00eda el n\u00famero de oportunidades para las juventudes del sur mexiquense. El rector de la Universidad Aut\u00f3noma del Estado de M\u00e9xico (UAEM\u00e9x), Carlos Eduardo Barrera D\u00edaz, junto con la presidenta municipal ixtapense, Jessica Rosal\u00edo Embriz, visitaron el nuevo espacio destinado para construir una Unidad [&hellip;]<\/p>\n","protected":false},"author":1,"featured_media":74555,"comment_status":"closed","ping_status":"closed","sticky":false,"template":"","format":"standard","meta":{"footnotes":""},"categories":[30,36],"tags":[],"class_list":["post-74554","post","type-post","status-publish","format-standard","has-post-thumbnail","hentry","category-destacado","category-edomex"],"_links":{"self":[{"href":"https:\/\/elinformante.mx\/index.php?rest_route=\/wp\/v2\/posts\/74554","targetHints":{"allow":["GET"]}}],"collection":[{"href":"https:\/\/elinformante.mx\/index.php?rest_route=\/wp\/v2\/posts"}],"about":[{"href":"https:\/\/elinformante.mx\/index.php?rest_route=\/wp\/v2\/types\/post"}],"author":[{"embeddable":true,"href":"https:\/\/elinformante.mx\/index.php?rest_route=\/wp\/v2\/users\/1"}],"replies":[{"embeddable":true,"href":"https:\/\/elinformante.mx\/index.php?rest_route=%2Fwp%2Fv2%2Fcomments&post=74554"}],"version-history":[{"count":0,"href":"https:\/\/elinformante.mx\/index.php?rest_route=\/wp\/v2\/posts\/74554\/revisions"}],"wp:featuredmedia":[{"embeddable":true,"href":"https:\/\/elinformante.mx\/index.php?rest_route=\/wp\/v2\/media\/74555"}],"wp:attachment":[{"href":"https:\/\/elinformante.mx\/index.php?rest_route=%2Fwp%2Fv2%2Fmedia&parent=74554"}],"wp:term":[{"taxonomy":"category","embeddable":true,"href":"https:\/\/elinformante.mx\/index.php?rest_route=%2Fwp%2Fv2%2Fcategories&post=74554"},{"taxonomy":"post_tag","embeddable":true,"href":"https:\/\/elinformante.mx\/index.php?rest_route=%2Fwp%2Fv2%2Ftags&post=74554"}],"curies":[{"name":"wp","href":"https:\/\/api.w.org\/{rel}","templated":true}]}}