{"id":74568,"date":"2025-01-31T06:12:40","date_gmt":"2025-01-31T12:12:40","guid":{"rendered":"https:\/\/elinformante.mx\/?p=74568"},"modified":"2025-01-31T06:12:42","modified_gmt":"2025-01-31T12:12:42","slug":"uaemex-a-la-vanguardia-en-la-promocion-de-seguridad-vial-y-movilidad-barrera-diaz","status":"publish","type":"post","link":"https:\/\/elinformante.mx\/?p=74568","title":{"rendered":"UAEM\u00e9x a la vanguardia en la promoci\u00f3n de seguridad vial y movilidad: Barrera D\u00edaz"},"content":{"rendered":"\n<figure class=\"wp-block-pullquote\"><blockquote><p>\u201cVamos por el mismo camino\u201d es un programa \u00fanico en el pa\u00eds, impulsado por una universidad p\u00fablica, sobre seguridad vial y movilidad entre su comunidad.<\/p><\/blockquote><\/figure>\n\n\n\n<p class=\"has-drop-cap\">Con el objetivo primordial de generar conciencia sobre la prevenci\u00f3n de los accidentes de tr\u00e1nsito y sus consecuencias, el rector de la Universidad Aut\u00f3noma del Estado de M\u00e9xico (UAEM\u00e9x), Carlos Eduardo Barrera D\u00edaz, hizo entrega de los nombramientos a Embajadores y Embajadoras de Seguridad Vial y Movilidad del proyecto \u201cVamos por el mismo camino\u201d, en el Auditorio \u201cIng. Jos\u00e9 Yurrieta Vald\u00e9s\u201d del Edificio Administrativo de la instituci\u00f3n.<br><\/p>\n\n\n\n<p>\u201cVamos por el mismo camino\u201d es un programa \u00fanico en el pa\u00eds, impulsado por una universidad p\u00fablica, sobre seguridad vial y movilidad entre su comunidad, el cual tiene como objetivo sensibilizar sobre el cuidado de las personas que circulan en la calle en autom\u00f3vil, motocicleta, bicicleta o como peatones, destac\u00f3 el rector Barrera D\u00edaz.<br><\/p>\n\n\n\n<figure class=\"wp-block-image size-large\"><img fetchpriority=\"high\" decoding=\"async\" width=\"1024\" height=\"506\" src=\"https:\/\/elinformante.mx\/wp-content\/uploads\/2025\/01\/8uaemex-2-2-1024x506.jpg\" alt=\"\" class=\"wp-image-74570\" srcset=\"https:\/\/elinformante.mx\/wp-content\/uploads\/2025\/01\/8uaemex-2-2-1024x506.jpg 1024w, https:\/\/elinformante.mx\/wp-content\/uploads\/2025\/01\/8uaemex-2-2-300x148.jpg 300w, https:\/\/elinformante.mx\/wp-content\/uploads\/2025\/01\/8uaemex-2-2-768x379.jpg 768w, https:\/\/elinformante.mx\/wp-content\/uploads\/2025\/01\/8uaemex-2-2.jpg 1140w\" sizes=\"(max-width: 1024px) 100vw, 1024px\" \/><\/figure>\n\n\n\n<p>\u201cLa seguridad vial es una preocupaci\u00f3n fundamental para reducir y eliminar factores de riesgo asociados a los desplazamientos. Por ello, es indispensable comprender que no solo concierne a los conductores, sino tambi\u00e9n a nosotros como peatones, ciclistas, motociclistas y a todas las personas que compartimos estos espacios\u201d, indic\u00f3.<br><\/p>\n\n\n\n<p>El coordinador general de \u201cVamos por el mismo camino\u201d, Brandon S\u00e1nchez Peralta, exhort\u00f3 al p\u00fablico presente a generar conciencia sobre la responsabilidad compartida entre toda la sociedad y reconoci\u00f3 el compromiso del estudiantado embajador que suma a m\u00e1s de 400 integrantes, que trabajan d\u00eda a d\u00eda para concretar diversas acciones.<br><\/p>\n\n\n\n<figure class=\"wp-block-image size-large\"><img decoding=\"async\" width=\"1024\" height=\"506\" src=\"https:\/\/elinformante.mx\/wp-content\/uploads\/2025\/01\/8uaemex-5-1024x506.jpg\" alt=\"\" class=\"wp-image-74571\" srcset=\"https:\/\/elinformante.mx\/wp-content\/uploads\/2025\/01\/8uaemex-5-1024x506.jpg 1024w, https:\/\/elinformante.mx\/wp-content\/uploads\/2025\/01\/8uaemex-5-300x148.jpg 300w, https:\/\/elinformante.mx\/wp-content\/uploads\/2025\/01\/8uaemex-5-768x379.jpg 768w, https:\/\/elinformante.mx\/wp-content\/uploads\/2025\/01\/8uaemex-5.jpg 1140w\" sizes=\"(max-width: 1024px) 100vw, 1024px\" \/><\/figure>\n\n\n\n<p>As\u00ed mismo, la coordinadora de Comunicaci\u00f3n de dicho programa, Alison Sol\u00f3rzano Becerril, manifest\u00f3 que este es un paso significativo para la juventud que busca un futuro en donde la seguridad vial y la conciencia social sean prioridades presentes de una realidad m\u00e1s segura.<br><\/p>\n\n\n\n<p>Al evento acudi\u00f3 la secretaria de Administraci\u00f3n, Er\u00e9ndira Fierro Moreno; la directora de la Facultad de Humanidades y Coordinadora del Programa, Beatriz Adriana Gonz\u00e1lez Dur\u00e1n; directores de la Secretar\u00eda de Administraci\u00f3n, miembros del gabinete universitario, estudiantado embajador que se une al proyecto y comunidad universitaria en general.<\/p>\n\n\n\n<figure class=\"wp-block-image size-large\"><img decoding=\"async\" width=\"1024\" height=\"506\" src=\"https:\/\/elinformante.mx\/wp-content\/uploads\/2025\/01\/8uaemex-3-2-1024x506.jpg\" alt=\"\" class=\"wp-image-74572\" srcset=\"https:\/\/elinformante.mx\/wp-content\/uploads\/2025\/01\/8uaemex-3-2-1024x506.jpg 1024w, https:\/\/elinformante.mx\/wp-content\/uploads\/2025\/01\/8uaemex-3-2-300x148.jpg 300w, https:\/\/elinformante.mx\/wp-content\/uploads\/2025\/01\/8uaemex-3-2-768x379.jpg 768w, https:\/\/elinformante.mx\/wp-content\/uploads\/2025\/01\/8uaemex-3-2.jpg 1140w\" sizes=\"(max-width: 1024px) 100vw, 1024px\" \/><\/figure>\n","protected":false},"excerpt":{"rendered":"<p>\u201cVamos por el mismo camino\u201d es un programa \u00fanico en el pa\u00eds, impulsado por una universidad p\u00fablica, sobre seguridad vial y movilidad entre su comunidad. Con el objetivo primordial de generar conciencia sobre la prevenci\u00f3n de los accidentes de tr\u00e1nsito y sus consecuencias, el rector de la Universidad Aut\u00f3noma del Estado de M\u00e9xico (UAEM\u00e9x), Carlos [&hellip;]<\/p>\n","protected":false},"author":1,"featured_media":74569,"comment_status":"closed","ping_status":"closed","sticky":false,"template":"","format":"standard","meta":{"footnotes":""},"categories":[30,36,31],"tags":[46],"class_list":["post-74568","post","type-post","status-publish","format-standard","has-post-thumbnail","hentry","category-destacado","category-edomex","category-portada","tag-portadaedomex"],"_links":{"self":[{"href":"https:\/\/elinformante.mx\/index.php?rest_route=\/wp\/v2\/posts\/74568","targetHints":{"allow":["GET"]}}],"collection":[{"href":"https:\/\/elinformante.mx\/index.php?rest_route=\/wp\/v2\/posts"}],"about":[{"href":"https:\/\/elinformante.mx\/index.php?rest_route=\/wp\/v2\/types\/post"}],"author":[{"embeddable":true,"href":"https:\/\/elinformante.mx\/index.php?rest_route=\/wp\/v2\/users\/1"}],"replies":[{"embeddable":true,"href":"https:\/\/elinformante.mx\/index.php?rest_route=%2Fwp%2Fv2%2Fcomments&post=74568"}],"version-history":[{"count":0,"href":"https:\/\/elinformante.mx\/index.php?rest_route=\/wp\/v2\/posts\/74568\/revisions"}],"wp:featuredmedia":[{"embeddable":true,"href":"https:\/\/elinformante.mx\/index.php?rest_route=\/wp\/v2\/media\/74569"}],"wp:attachment":[{"href":"https:\/\/elinformante.mx\/index.php?rest_route=%2Fwp%2Fv2%2Fmedia&parent=74568"}],"wp:term":[{"taxonomy":"category","embeddable":true,"href":"https:\/\/elinformante.mx\/index.php?rest_route=%2Fwp%2Fv2%2Fcategories&post=74568"},{"taxonomy":"post_tag","embeddable":true,"href":"https:\/\/elinformante.mx\/index.php?rest_route=%2Fwp%2Fv2%2Ftags&post=74568"}],"curies":[{"name":"wp","href":"https:\/\/api.w.org\/{rel}","templated":true}]}}