{"id":74587,"date":"2025-01-31T06:24:51","date_gmt":"2025-01-31T12:24:51","guid":{"rendered":"https:\/\/elinformante.mx\/?p=74587"},"modified":"2025-01-31T06:24:54","modified_gmt":"2025-01-31T12:24:54","slug":"problemas-en-el-sector-agricola-son-mas-graves-que-los-aranceles-de-trump-shcp","status":"publish","type":"post","link":"https:\/\/elinformante.mx\/?p=74587","title":{"rendered":"\u201cProblemas en el sector agr\u00edcola son m\u00e1s graves que los aranceles de Trump\u201d: SHCP"},"content":{"rendered":"\n<figure class=\"wp-block-pullquote\"><blockquote><p>\u201cM\u00e9xico est\u00e1 enfrentando un choque h\u00eddrico muy fuerte, no solo en el pa\u00eds, sino muchas regiones\u201d, alert\u00f3.<\/p><\/blockquote><\/figure>\n\n\n\n<p class=\"has-drop-cap\">La Secretar\u00eda de Hacienda y Cr\u00e9dito P\u00fablico (SHCP), consider\u00f3 que a\u00fan no hay elementos suficientes para calcular el impacto de los aranceles de Trump, advirti\u00f3 que la ca\u00edda del sector agr\u00edcola es m\u00e1s fuerte que ese posible impuesto.<br><\/p>\n\n\n\n<p>El subsecretario del ramo, Edgar Amador Zamora fue el encargado se se\u00f1alar que uno de los problemas que m\u00e1s preocupa son los temas de la sequ\u00eda y el cambio clim\u00e1tico, al menos en este momento es tan severo o m\u00e1s que alg\u00fan arancel.<br><\/p>\n\n\n\n<p>Con lo anterior se explica la mitad de la ca\u00edda que tuvimos en el \u00faltimo trimestre, la agricultura no es susceptible a la pol\u00edtica fiscal, de ah\u00ed que cuando se corrija retomaremos el sendero del crecimiento, asegur\u00f3.<br><\/p>\n\n\n\n<p>Afirm\u00f3 que la ca\u00edda en el sector primario se debi\u00f3 a factores climatol\u00f3gicos, como las sequ\u00edas, y cuestiones de oferta, que no tienen que ver con una debilidad generalizada en la econom\u00eda.<br><\/p>\n\n\n\n<p>El funcionario federal descart\u00f3 una recesi\u00f3n econ\u00f3mica en M\u00e9xico al dar a conocer el Informe Trimestral de Finanzas y la Deuda P\u00fablica correspondiente al 2024.<br><\/p>\n\n\n\n<p>Tras preguntarle sobre los efectos ante la entrada en vigor de los aranceles anunciados por Trump a partir del primero de febrero, consider\u00f3 que no se puede hablar de lo que a\u00fan no hay algo en concreto.<br><\/p>\n\n\n\n<p>Sin embargo apoyo lo mencionado por la presidenta Claudia Sheinbaum y el secretario de Hacienda, Rogelio Ram\u00edrez de la O; donde en M\u00e9xico se cuenta una estrategia como el Plan M\u00e9xico, que apuesta por el crecimiento y la integraci\u00f3n regional m\u00e1s all\u00e1 de lo comercial.<br><\/p>\n\n\n\n<p>Estableci\u00f3 que una vez que desaparezca la incertidumbre y los detalles, lo importante es que tenemos una relaci\u00f3n de largo plazo con nuestros vecinos del norte.<br><\/p>\n\n\n\n<p>Se mostr\u00f3 preocupado y enfatiz\u00f3 que la agricultura cay\u00f3 casi 9%, la m\u00e1s fuerte en cuarto de siglo en donde se muestra la extensi\u00f3n de la sequ\u00eda extrema. \u201cM\u00e9xico est\u00e1 enfrentando un choque h\u00eddrico muy fuerte, no solo en el pa\u00eds, sino muchas regiones\u201d, alert\u00f3.<\/p>\n\n\n\n<p><\/p>\n","protected":false},"excerpt":{"rendered":"<p>\u201cM\u00e9xico est\u00e1 enfrentando un choque h\u00eddrico muy fuerte, no solo en el pa\u00eds, sino muchas regiones\u201d, alert\u00f3. La Secretar\u00eda de Hacienda y Cr\u00e9dito P\u00fablico (SHCP), consider\u00f3 que a\u00fan no hay elementos suficientes para calcular el impacto de los aranceles de Trump, advirti\u00f3 que la ca\u00edda del sector agr\u00edcola es m\u00e1s fuerte que ese posible impuesto. [&hellip;]<\/p>\n","protected":false},"author":1,"featured_media":74588,"comment_status":"closed","ping_status":"closed","sticky":false,"template":"","format":"standard","meta":{"footnotes":""},"categories":[34],"tags":[],"class_list":["post-74587","post","type-post","status-publish","format-standard","has-post-thumbnail","hentry","category-nacional"],"_links":{"self":[{"href":"https:\/\/elinformante.mx\/index.php?rest_route=\/wp\/v2\/posts\/74587","targetHints":{"allow":["GET"]}}],"collection":[{"href":"https:\/\/elinformante.mx\/index.php?rest_route=\/wp\/v2\/posts"}],"about":[{"href":"https:\/\/elinformante.mx\/index.php?rest_route=\/wp\/v2\/types\/post"}],"author":[{"embeddable":true,"href":"https:\/\/elinformante.mx\/index.php?rest_route=\/wp\/v2\/users\/1"}],"replies":[{"embeddable":true,"href":"https:\/\/elinformante.mx\/index.php?rest_route=%2Fwp%2Fv2%2Fcomments&post=74587"}],"version-history":[{"count":0,"href":"https:\/\/elinformante.mx\/index.php?rest_route=\/wp\/v2\/posts\/74587\/revisions"}],"wp:featuredmedia":[{"embeddable":true,"href":"https:\/\/elinformante.mx\/index.php?rest_route=\/wp\/v2\/media\/74588"}],"wp:attachment":[{"href":"https:\/\/elinformante.mx\/index.php?rest_route=%2Fwp%2Fv2%2Fmedia&parent=74587"}],"wp:term":[{"taxonomy":"category","embeddable":true,"href":"https:\/\/elinformante.mx\/index.php?rest_route=%2Fwp%2Fv2%2Fcategories&post=74587"},{"taxonomy":"post_tag","embeddable":true,"href":"https:\/\/elinformante.mx\/index.php?rest_route=%2Fwp%2Fv2%2Ftags&post=74587"}],"curies":[{"name":"wp","href":"https:\/\/api.w.org\/{rel}","templated":true}]}}