{"id":74630,"date":"2025-02-02T11:06:54","date_gmt":"2025-02-02T17:06:54","guid":{"rendered":"https:\/\/elinformante.mx\/?p=74630"},"modified":"2025-02-02T11:06:55","modified_gmt":"2025-02-02T17:06:55","slug":"motociclista-sufre-accidente-en-la-mexico-queretaro-y-resulta-lesionado","status":"publish","type":"post","link":"https:\/\/elinformante.mx\/?p=74630","title":{"rendered":"MOTOCICLISTA SUFRE ACCIDENTE EN LA M\u00c9XICO-QUER\u00c9TARO Y RESULTA LESIONADO"},"content":{"rendered":"\n<p>Un motociclista result\u00f3 herido esta ma\u00f1ana tras un accidente vial en la lateral de la autopista M\u00e9xico-Quer\u00e9taro, a la altura del crucero de Lecher\u00eda, en Cuautitl\u00e1n Izcalli, EdoM\u00e9x. El percance gener\u00f3 movilizaci\u00f3n de cuerpos de emergencia en la zona.<\/p>\n\n\n\n<p>Tras el incidente, equipos de la Cruz Roja acudieron al lugar para atender al motociclista, quien present\u00f3 lesiones derivadas del impacto. Autoridades recomiendan a los conductores extremar precauciones en la zona para evitar m\u00e1s percances.<\/p>\n\n\n\n<p><\/p>\n","protected":false},"excerpt":{"rendered":"<p>Un motociclista result\u00f3 herido esta ma\u00f1ana tras un accidente vial en la lateral de la autopista M\u00e9xico-Quer\u00e9taro, a la altura del crucero de Lecher\u00eda, en Cuautitl\u00e1n Izcalli, EdoM\u00e9x. El percance gener\u00f3 movilizaci\u00f3n de cuerpos de emergencia en la zona. Tras el incidente, equipos de la Cruz Roja acudieron al lugar para atender al motociclista, quien [&hellip;]<\/p>\n","protected":false},"author":2,"featured_media":74631,"comment_status":"closed","ping_status":"closed","sticky":false,"template":"","format":"standard","meta":{"footnotes":""},"categories":[36],"tags":[],"class_list":["post-74630","post","type-post","status-publish","format-standard","has-post-thumbnail","hentry","category-edomex"],"_links":{"self":[{"href":"https:\/\/elinformante.mx\/index.php?rest_route=\/wp\/v2\/posts\/74630","targetHints":{"allow":["GET"]}}],"collection":[{"href":"https:\/\/elinformante.mx\/index.php?rest_route=\/wp\/v2\/posts"}],"about":[{"href":"https:\/\/elinformante.mx\/index.php?rest_route=\/wp\/v2\/types\/post"}],"author":[{"embeddable":true,"href":"https:\/\/elinformante.mx\/index.php?rest_route=\/wp\/v2\/users\/2"}],"replies":[{"embeddable":true,"href":"https:\/\/elinformante.mx\/index.php?rest_route=%2Fwp%2Fv2%2Fcomments&post=74630"}],"version-history":[{"count":0,"href":"https:\/\/elinformante.mx\/index.php?rest_route=\/wp\/v2\/posts\/74630\/revisions"}],"wp:featuredmedia":[{"embeddable":true,"href":"https:\/\/elinformante.mx\/index.php?rest_route=\/wp\/v2\/media\/74631"}],"wp:attachment":[{"href":"https:\/\/elinformante.mx\/index.php?rest_route=%2Fwp%2Fv2%2Fmedia&parent=74630"}],"wp:term":[{"taxonomy":"category","embeddable":true,"href":"https:\/\/elinformante.mx\/index.php?rest_route=%2Fwp%2Fv2%2Fcategories&post=74630"},{"taxonomy":"post_tag","embeddable":true,"href":"https:\/\/elinformante.mx\/index.php?rest_route=%2Fwp%2Fv2%2Ftags&post=74630"}],"curies":[{"name":"wp","href":"https:\/\/api.w.org\/{rel}","templated":true}]}}