{"id":74736,"date":"2025-02-04T06:25:45","date_gmt":"2025-02-04T12:25:45","guid":{"rendered":"https:\/\/elinformante.mx\/?p=74736"},"modified":"2025-02-04T06:25:48","modified_gmt":"2025-02-04T12:25:48","slug":"se-suma-la-uaemex-a-la-transformacion-de-la-educacion-tecnologica-media-superior-cebd","status":"publish","type":"post","link":"https:\/\/elinformante.mx\/?p=74736","title":{"rendered":"Se suma la UAEM\u00e9x a la transformaci\u00f3n de la educaci\u00f3n tecnol\u00f3gica media superior: CEBD"},"content":{"rendered":"\n<figure class=\"wp-block-pullquote\"><blockquote><p>El Rector Barrera D\u00edaz destac\u00f3 el compromiso de la UAEM\u00e9x con la mejora continua de la educaci\u00f3n en beneficio de las juventudes del pa\u00eds<\/p><\/blockquote><\/figure>\n\n\n\n<p class=\"has-drop-cap\">El rector de la Universidad Aut\u00f3noma del Estado de M\u00e9xico (UAEM\u00e9x), Carlos Eduardo Barrera D\u00edaz, particip\u00f3 en la firma de adhesi\u00f3n al Consejo Acad\u00e9mico para la Transformaci\u00f3n de la Educaci\u00f3n Tecnol\u00f3gica Media Superior, encabezada por la presidenta de M\u00e9xico, Claudia Sheinbaum Pardo.<br><\/p>\n\n\n\n<p>Durante el evento, Barrera D\u00edaz destac\u00f3 el compromiso de la UAEM\u00e9x con la mejora continua de la educaci\u00f3n en beneficio de las juventudes del pa\u00eds, fortaleciendo la vinculaci\u00f3n con otras instituciones acad\u00e9micas y el sector gubernamental.<br><\/p>\n\n\n\n<figure class=\"wp-block-image size-large\"><img fetchpriority=\"high\" decoding=\"async\" width=\"1024\" height=\"506\" src=\"https:\/\/elinformante.mx\/wp-content\/uploads\/2025\/02\/10rector-2-1024x506.jpg\" alt=\"\" class=\"wp-image-74738\" srcset=\"https:\/\/elinformante.mx\/wp-content\/uploads\/2025\/02\/10rector-2-1024x506.jpg 1024w, https:\/\/elinformante.mx\/wp-content\/uploads\/2025\/02\/10rector-2-300x148.jpg 300w, https:\/\/elinformante.mx\/wp-content\/uploads\/2025\/02\/10rector-2-768x379.jpg 768w, https:\/\/elinformante.mx\/wp-content\/uploads\/2025\/02\/10rector-2.jpg 1140w\" sizes=\"(max-width: 1024px) 100vw, 1024px\" \/><\/figure>\n\n\n\n<p>En la ceremonia estuvieron presentes el secretario de Educaci\u00f3n P\u00fablica, Mario Delgado Carrillo; la gobernadora del Estado de M\u00e9xico, Delfina G\u00f3mez \u00c1lvarez; la jefa de Gobierno de la Ciudad de M\u00e9xico, Clara Brugada; la secretaria de Ciencia, Humanidades, Tecnolog\u00eda e Innovaci\u00f3n, Rosaura Ruiz; as\u00ed como los titulares de instituciones educativas de prestigio, como la Universidad Nacional Aut\u00f3noma de M\u00e9xico (UNAM), la Universidad Aut\u00f3noma Metropolitana (UAM), el Instituto Polit\u00e9cnico Nacional (IPN) y el Tecnol\u00f3gico Nacional de M\u00e9xico.<br><\/p>\n\n\n\n<p>Con esta adhesi\u00f3n, la UAEM\u00e9x reafirma su compromiso con la transformaci\u00f3n del sistema educativo del pa\u00eds, apostando por una formaci\u00f3n de calidad e impulsando el desarrollo acad\u00e9mico y tecnol\u00f3gico de los j\u00f3venes mexicanos.<\/p>\n","protected":false},"excerpt":{"rendered":"<p>El Rector Barrera D\u00edaz destac\u00f3 el compromiso de la UAEM\u00e9x con la mejora continua de la educaci\u00f3n en beneficio de las juventudes del pa\u00eds El rector de la Universidad Aut\u00f3noma del Estado de M\u00e9xico (UAEM\u00e9x), Carlos Eduardo Barrera D\u00edaz, particip\u00f3 en la firma de adhesi\u00f3n al Consejo Acad\u00e9mico para la Transformaci\u00f3n de la Educaci\u00f3n Tecnol\u00f3gica [&hellip;]<\/p>\n","protected":false},"author":1,"featured_media":74737,"comment_status":"closed","ping_status":"closed","sticky":false,"template":"","format":"standard","meta":{"footnotes":""},"categories":[30,36],"tags":[],"class_list":["post-74736","post","type-post","status-publish","format-standard","has-post-thumbnail","hentry","category-destacado","category-edomex"],"_links":{"self":[{"href":"https:\/\/elinformante.mx\/index.php?rest_route=\/wp\/v2\/posts\/74736","targetHints":{"allow":["GET"]}}],"collection":[{"href":"https:\/\/elinformante.mx\/index.php?rest_route=\/wp\/v2\/posts"}],"about":[{"href":"https:\/\/elinformante.mx\/index.php?rest_route=\/wp\/v2\/types\/post"}],"author":[{"embeddable":true,"href":"https:\/\/elinformante.mx\/index.php?rest_route=\/wp\/v2\/users\/1"}],"replies":[{"embeddable":true,"href":"https:\/\/elinformante.mx\/index.php?rest_route=%2Fwp%2Fv2%2Fcomments&post=74736"}],"version-history":[{"count":0,"href":"https:\/\/elinformante.mx\/index.php?rest_route=\/wp\/v2\/posts\/74736\/revisions"}],"wp:featuredmedia":[{"embeddable":true,"href":"https:\/\/elinformante.mx\/index.php?rest_route=\/wp\/v2\/media\/74737"}],"wp:attachment":[{"href":"https:\/\/elinformante.mx\/index.php?rest_route=%2Fwp%2Fv2%2Fmedia&parent=74736"}],"wp:term":[{"taxonomy":"category","embeddable":true,"href":"https:\/\/elinformante.mx\/index.php?rest_route=%2Fwp%2Fv2%2Fcategories&post=74736"},{"taxonomy":"post_tag","embeddable":true,"href":"https:\/\/elinformante.mx\/index.php?rest_route=%2Fwp%2Fv2%2Ftags&post=74736"}],"curies":[{"name":"wp","href":"https:\/\/api.w.org\/{rel}","templated":true}]}}